{"id":3062,"date":"2025-01-30T08:00:47","date_gmt":"2025-01-30T07:00:47","guid":{"rendered":"https:\/\/2025.latetedansleweb.org\/wordpress\/?p=3062"},"modified":"2025-01-31T10:11:37","modified_gmt":"2025-01-31T09:11:37","slug":"quels-sont-les-atouts-pedagogiques-du-master","status":"publish","type":"post","link":"https:\/\/2025.latetedansleweb.org\/index.php\/2025\/01\/30\/quels-sont-les-atouts-pedagogiques-du-master\/","title":{"rendered":"Quels sont les atouts p\u00e9dagogiques du Master ?"},"content":{"rendered":"\n<h1 class=\"wp-block-heading\"><strong>Quels sont les atouts p\u00e9dagogiques du Master ?<\/strong><\/h1>\n\n\n\n<p>Vous vous interrogez sur les apports de la formation ? Cette derni\u00e8re vous pr\u00e9pare aux m\u00e9tiers du num\u00e9rique \u00e0 travers des enseignements th\u00e9oriques et pratiques. D\u00e9couvrez ici les principaux atouts p\u00e9dagogiques du Master GECI.<\/p>\n\n\n\n<h2 class=\"wp-block-heading has-text-align-left\"><strong>\u00a0L\u2019esprit critique<\/strong><\/h2>\n\n\n\n<p>C\u2019est s\u00fbrement l\u2019atout le plus pr\u00e9cieux que vous d\u00e9velopperez ici. Questionnements, r\u00e9flexions sur les enjeux socio-politiques, \u00e9conomiques du web et de la communication en g\u00e9n\u00e9ral, analyse sur divers sujets comme l\u2019IA, les fake news\u2026 Des r\u00e9flexions pertinentes dans le secteur du web ! Les cours donn\u00e9s par les <strong>enseignants-chercheurs<\/strong> vous guideront dans ces questionnements jusqu\u2019au <strong>m\u00e9moire de recherche, ou de fin d\u2019\u00e9tudes<\/strong>, pour terminer le M2.<\/p>\n\n\n\n<h2 class=\"wp-block-heading\"><strong>Une formation compl\u00e8te pour une vision \u00e0 360\u00b0<\/strong><\/h2>\n\n\n\n<p>Le Master vous forme aux <strong>m\u00e9tiers du digital<\/strong>, avec une vision de la communication polyvalente. Ici, vous d\u00e9velopperez des comp\u00e9tences vari\u00e9es, allant du webdesign \u00e0 l\u2019optimisation SEO. Gr\u00e2ce \u00e0 cette approche, le master vous pr\u00e9pare \u00e0 intervenir sur plusieurs \u00e9tapes d\u2019un projet de communication digitale, avec une compr\u00e9hension des enjeux strat\u00e9giques, techniques et cr\u00e9atifs. Vous serez ainsi en mesure de r\u00e9pondre aux attentes vari\u00e9es d\u2019une entreprise, tout en vous adaptant \u00e0 un secteur qui est en constante \u00e9volution. Cette <strong>polyvalence<\/strong> est un v\u00e9ritable atout pour b\u00e2tir une carri\u00e8re solide.<\/p>\n\n\n\n<h2 class=\"wp-block-heading\"><strong>Apprendre par des mises en situations r\u00e9elles<\/strong><\/h2>\n\n\n\n<p>Comme dans le monde du travail, c\u2019est votre <strong>posture et implication professionnelle<\/strong> qui vous aide \u00e0 r\u00e9ussir. Vous d\u00e9velopperez des comp\u00e9tences en gestion de projet, avec le JuniorLab, ou toute la promotion est compos\u00e9e de petites agences, devant r\u00e9pondre \u00e0 un appel d\u2019offre pour un projet de communication, tout cela sur une semaine. Le projet commandit\u00e9, ou vous r\u00e9aliserez un site web fonctionnel pour un client r\u00e9el. Puis bien s\u00fbr le Webzine, ou vous \u00eates r\u00e9partis par diff\u00e9rents p\u00f4les pour cr\u00e9er le site internet de la formation. <strong>La pratique<\/strong> est au rendez-vous, avec des cours donn\u00e9s par des intervenants professionnels de la communication. Anciens de GECI ou simples passionn\u00e9s, ce sont avant tout des <strong>experts<\/strong> dans leurs disciplines ! Ces enseignements sont pr\u00e9cieux pour vous pr\u00e9parer au monde professionnel. Ils t\u00e9moignent de leurs exp\u00e9riences et vous pr\u00e9sentent ces diff\u00e9rents cas pratiques !<\/p>\n\n\n\n<h3 class=\"wp-block-heading has-text-align-center\"><strong>Int\u00e9ress\u00e9\u00b7e par le Master GECI ?<\/strong><\/h3>\n\n\n\n<p>&nbsp;D\u00e9couvrez les t\u00e9moignages d\u2019\u00e9tudiant\u00b7es, les projets r\u00e9alis\u00e9s et d\u2019autres informations concernant la formation directement sur notre site <em>La T\u00eate dans le Web.&nbsp;<\/em><\/p>\n\n\n\n<p>Vous avez encore des questions ? N\u2019h\u00e9sitez pas \u00e0 nous contacter via nos r\u00e9seaux sociaux pour en savoir plus !<\/p>\n\n\n\n<p><\/p>\n","protected":false},"excerpt":{"rendered":"<p>Vous vous interrogez sur les apports de la formation ? Cette derni\u00e8re vous pr\u00e9pare aux m\u00e9tiers du num\u00e9rique \u00e0 travers des enseignements th\u00e9oriques et pratiques. D\u00e9couvrez ici les principaux atouts p\u00e9dagogiques du Master GECI.<\/p>\n","protected":false},"author":25,"featured_media":3066,"comment_status":"open","ping_status":"open","sticky":false,"template":"","format":"standard","meta":{"_seopress_robots_primary_cat":"none","_seopress_titles_title":"","_seopress_titles_desc":"","_seopress_robots_index":"","inline_featured_image":false,"footnotes":""},"categories":[14],"tags":[],"class_list":["post-3062","post","type-post","status-publish","format-standard","has-post-thumbnail","hentry","category-le-master"],"blocksy_meta":[],"_links":{"self":[{"href":"https:\/\/2025.latetedansleweb.org\/index.php\/wp-json\/wp\/v2\/posts\/3062","targetHints":{"allow":["GET"]}}],"collection":[{"href":"https:\/\/2025.latetedansleweb.org\/index.php\/wp-json\/wp\/v2\/posts"}],"about":[{"href":"https:\/\/2025.latetedansleweb.org\/index.php\/wp-json\/wp\/v2\/types\/post"}],"author":[{"embeddable":true,"href":"https:\/\/2025.latetedansleweb.org\/index.php\/wp-json\/wp\/v2\/users\/25"}],"replies":[{"embeddable":true,"href":"https:\/\/2025.latetedansleweb.org\/index.php\/wp-json\/wp\/v2\/comments?post=3062"}],"version-history":[{"count":3,"href":"https:\/\/2025.latetedansleweb.org\/index.php\/wp-json\/wp\/v2\/posts\/3062\/revisions"}],"predecessor-version":[{"id":3072,"href":"https:\/\/2025.latetedansleweb.org\/index.php\/wp-json\/wp\/v2\/posts\/3062\/revisions\/3072"}],"wp:featuredmedia":[{"embeddable":true,"href":"https:\/\/2025.latetedansleweb.org\/index.php\/wp-json\/wp\/v2\/media\/3066"}],"wp:attachment":[{"href":"https:\/\/2025.latetedansleweb.org\/index.php\/wp-json\/wp\/v2\/media?parent=3062"}],"wp:term":[{"taxonomy":"category","embeddable":true,"href":"https:\/\/2025.latetedansleweb.org\/index.php\/wp-json\/wp\/v2\/categories?post=3062"},{"taxonomy":"post_tag","embeddable":true,"href":"https:\/\/2025.latetedansleweb.org\/index.php\/wp-json\/wp\/v2\/tags?post=3062"}],"curies":[{"name":"wp","href":"https:\/\/api.w.org\/{rel}","templated":true}]}}