{"id":2977,"date":"2025-01-30T08:00:02","date_gmt":"2025-01-30T07:00:02","guid":{"rendered":"https:\/\/2025.latetedansleweb.org\/wordpress\/?p=2977"},"modified":"2025-01-31T10:48:06","modified_gmt":"2025-01-31T09:48:06","slug":"nos-projets-de-master-geci-un-parcours-riche-en-experiences","status":"publish","type":"post","link":"https:\/\/2025.latetedansleweb.org\/index.php\/2025\/01\/30\/nos-projets-de-master-geci-un-parcours-riche-en-experiences\/","title":{"rendered":"Nos projets de Master GECI : un parcours riche en exp\u00e9riences"},"content":{"rendered":"\n<h1 class=\"wp-block-heading\"><strong>Nos projets de Master GECI : un parcours riche en exp\u00e9riences<\/strong><\/h1>\n\n\n\n<p>Au cours des deux ann\u00e9es de Master GECI, nous avons r\u00e9alis\u00e9 divers projets concrets, en \u00e9quipe ou individuellement. Ces exp\u00e9riences enrichissent nos comp\u00e9tences en gestion de projet, communication et cr\u00e9ation digitale. Voici un aper\u00e7u des principaux projets men\u00e9s tout au long de la formation.<br><\/p>\n\n\n\n<h2 class=\"wp-block-heading\"><strong>Junior Lab : se mettre dans la peau d&rsquo;une agence de communication<\/strong><\/h2>\n\n\n\n<p>En premi\u00e8re ann\u00e9e, le Junior Lab nous a plong\u00e9.e.s dans l\u2019univers des agences de communication. Par groupe, nous avons \u00e9labor\u00e9 une strat\u00e9gie pour un commanditaire fictif : un chocolatier pour certains groupes et une agence de voyage responsable pour d\u2019autres.&nbsp;<\/p>\n\n\n\n<p>L&rsquo;objectif \u00e9tait de r\u00e9pondre aux besoins du client tout en respectant un budget et en utilisant des outils de gestion de projet. Une pr\u00e9sentation finale sous forme de soutenance a cl\u00f4tur\u00e9 ce travail collectif.<\/p>\n\n\n\n<h2 class=\"wp-block-heading\"><strong>Organisation de conf\u00e9rences : entre logistique et communication<\/strong><\/h2>\n\n\n\n<p>Durant les deux ann\u00e9es du Master, nous avons organis\u00e9 deux conf\u00e9rences :<\/p>\n\n\n\n<p><strong>18 avril 2024<\/strong> : Influenceurs lifestyle \u00e0 Lyon&nbsp;<\/p>\n\n\n\n<p><strong>21 novembre 2024 <\/strong>: R\u00e9inventer la com : vers un num\u00e9rique plus responsable.&nbsp;<\/p>\n\n\n\n<p>Chaque conf\u00e9rence est le fruit d\u2019un travail collaboratif, o\u00f9 nous formions plusieurs \u00e9quipes&nbsp; aux r\u00f4les diff\u00e9rents : l\u2019\u00e9quipe logistique (charg\u00e9e du choix du lieu, de la gestion du buffet, de la coordination g\u00e9n\u00e9rale), l\u2019\u00e9quipe intervenants, qui devait trouver des intervenants, l\u2019\u00e9quipe communication qui a cr\u00e9\u00e9 l\u2019affiche et promu la table ronde sur les r\u00e9seaux sociaux, et l\u2019\u00e9quipe valorisation qui a cr\u00e9\u00e9 des contenus post-\u00e9v\u00e8nement dans le but de le mettre en avant.&nbsp;<\/p>\n\n\n\n<h2 class=\"wp-block-heading\"><strong>Cr\u00e9ation ou refonte de sites web : un projet tutor\u00e9 pour des clients r\u00e9els<\/strong><\/h2>\n\n\n\n<p>En deuxi\u00e8me ann\u00e9e, un projet majeur consiste \u00e0 cr\u00e9er ou refondre un site web pour un commanditaire r\u00e9el. Supervis\u00e9 par Laurent Degetz, ce projet implique une analyse des besoins avec le client, la r\u00e9daction d\u2019un cahier des charges d\u00e9taill\u00e9 et la conception ou refonte du site.<\/p>\n\n\n\n<p>Ce projet s\u2019ach\u00e8ve par une soutenance, en f\u00e9vrier pour les stagiaires et en mai pour les alternant.e.s.<\/p>\n\n\n\n<h2 class=\"wp-block-heading\"><strong>Webzine : le projet phare de la deuxi\u00e8me ann\u00e9e<\/strong><\/h2>\n\n\n\n<p>Autre \u00e9tape cl\u00e9 du Master, la r\u00e9alisation de ce site web, le webzine d\u00e9di\u00e9 \u00e0 la pr\u00e9sentation de la formation. Ce projet mobilise divers p\u00f4les : le p\u00f4le Technique charg\u00e9 du d\u00e9veloppement du site via WordPress, le p\u00f4le Webdesign charg\u00e9 de l\u2019 aspect graphique, le p\u00f4le r\u00e9f\u00e9rencement charg\u00e9 du SEO et un dernier p\u00f4le compos\u00e9 de cheffes de projet.&nbsp;<\/p>\n\n\n\n<p>Nous avons \u00e9galement particip\u00e9 \u00e0 des t\u00e2ches sp\u00e9cifiques en cours conception \u00e9ditoriale, o\u00f9 certains groupes ont d\u00fb s\u2019occuper de la r\u00e9daction d\u2019articles, la cr\u00e9ation graphique et la promotion sur les r\u00e9seaux sociaux. Nous avons aussi tou.te.s publi\u00e9 un article sur le webzine avant la finalisation en janvier.<\/p>\n\n\n\n<div class=\"wp-block-buttons is-content-justification-center is-layout-flex wp-container-core-buttons-is-layout-1 wp-block-buttons-is-layout-flex\">\n<div class=\"wp-block-button\"><a class=\"wp-block-button__link wp-element-button\" href=\"https:\/\/2025.latetedansleweb.org\/index.php\/nos-evenements\/\">D\u00e9couvrez tous nos \u00e9v\u00e9nements GECI <\/a><\/div>\n<\/div>\n\n\n\n<p><\/p>\n","protected":false},"excerpt":{"rendered":"<p>Nos projets de Master GECI : un parcours riche en exp\u00e9riences Au cours des deux ann\u00e9es de Master GECI, nous avons r\u00e9alis\u00e9 divers projets concrets, en \u00e9quipe ou individuellement. Ces exp\u00e9riences enrichissent nos comp\u00e9tences en gestion de projet, communication et cr\u00e9ation digitale. Voici un aper\u00e7u des principaux projets men\u00e9s tout au long de la formation. [&hellip;]<\/p>\n","protected":false},"author":8,"featured_media":3006,"comment_status":"open","ping_status":"open","sticky":false,"template":"","format":"standard","meta":{"_seopress_robots_primary_cat":"","_seopress_titles_title":"Les projets du Master GECI","_seopress_titles_desc":"D\u00e9couvrez les projets concrets r\u00e9alis\u00e9s dans le cadre du Master GECI : cr\u00e9ation de sites web, organisation de conf\u00e9rences, et r\u00e9alisation d\u2019un webzine.","_seopress_robots_index":"","inline_featured_image":false,"footnotes":""},"categories":[14],"tags":[],"class_list":["post-2977","post","type-post","status-publish","format-standard","has-post-thumbnail","hentry","category-le-master"],"blocksy_meta":[],"_links":{"self":[{"href":"https:\/\/2025.latetedansleweb.org\/index.php\/wp-json\/wp\/v2\/posts\/2977","targetHints":{"allow":["GET"]}}],"collection":[{"href":"https:\/\/2025.latetedansleweb.org\/index.php\/wp-json\/wp\/v2\/posts"}],"about":[{"href":"https:\/\/2025.latetedansleweb.org\/index.php\/wp-json\/wp\/v2\/types\/post"}],"author":[{"embeddable":true,"href":"https:\/\/2025.latetedansleweb.org\/index.php\/wp-json\/wp\/v2\/users\/8"}],"replies":[{"embeddable":true,"href":"https:\/\/2025.latetedansleweb.org\/index.php\/wp-json\/wp\/v2\/comments?post=2977"}],"version-history":[{"count":4,"href":"https:\/\/2025.latetedansleweb.org\/index.php\/wp-json\/wp\/v2\/posts\/2977\/revisions"}],"predecessor-version":[{"id":3205,"href":"https:\/\/2025.latetedansleweb.org\/index.php\/wp-json\/wp\/v2\/posts\/2977\/revisions\/3205"}],"wp:featuredmedia":[{"embeddable":true,"href":"https:\/\/2025.latetedansleweb.org\/index.php\/wp-json\/wp\/v2\/media\/3006"}],"wp:attachment":[{"href":"https:\/\/2025.latetedansleweb.org\/index.php\/wp-json\/wp\/v2\/media?parent=2977"}],"wp:term":[{"taxonomy":"category","embeddable":true,"href":"https:\/\/2025.latetedansleweb.org\/index.php\/wp-json\/wp\/v2\/categories?post=2977"},{"taxonomy":"post_tag","embeddable":true,"href":"https:\/\/2025.latetedansleweb.org\/index.php\/wp-json\/wp\/v2\/tags?post=2977"}],"curies":[{"name":"wp","href":"https:\/\/api.w.org\/{rel}","templated":true}]}}