{"id":2639,"date":"2025-01-29T08:00:33","date_gmt":"2025-01-29T07:00:33","guid":{"rendered":"https:\/\/2025.latetedansleweb.org\/wordpress\/?p=2639"},"modified":"2025-01-31T11:47:57","modified_gmt":"2025-01-31T10:47:57","slug":"5-questions-a-jean-patrice-clerc-comprendre-et-agir-pour-un-numerique-responsable","status":"publish","type":"post","link":"https:\/\/2025.latetedansleweb.org\/index.php\/2025\/01\/29\/5-questions-a-jean-patrice-clerc-comprendre-et-agir-pour-un-numerique-responsable\/","title":{"rendered":"5 questions \u00e0 Jean Patrice Clerc : Comprendre et agir pour un num\u00e9rique responsable"},"content":{"rendered":"\n<h1 class=\"wp-block-heading\"><strong>5 questions \u00e0 Jean Patrice Clerc : Comprendre et agir pour un num\u00e9rique responsable<\/strong><\/h1>\n\n\n\n<p><strong>Jean Patrice Clerc est r\u00e9cemment intervenu lors de la conf\u00e9rence \u201cR\u00e9inventer la com\u2019, vers un num\u00e9rique responsable\u201d, organis\u00e9e par le M2 GECI. Le directeur de <a href=\"https:\/\/mymetic.fr\/\" data-type=\"link\" data-id=\"https:\/\/mymetic.fr\/\">Mym\u00e9tic, l\u2019agence de communication responsable<\/a>, a partag\u00e9 son exp\u00e9rience et ses recommandations pour adopter des pratiques num\u00e9riques plus durables. Voici les cinq questions essentielles abord\u00e9es lors de son intervention.<\/strong><\/p>\n\n\n\n<h2 class=\"wp-block-heading\"><strong>Quelles actions concr\u00e8tes pour un num\u00e9rique responsable en entreprise ?<\/strong><\/h2>\n\n\n\n<p>\u00ab Au sein de l&rsquo;agence, c&rsquo;est quelque chose qu&rsquo;on a essay\u00e9 de mettre en place assez rapidement. On ne voulait pas uniquement \u00eatre responsables sur nos prestations, mais l\u2019\u00eatre aussi en interne. \u00bb nous explique Jean Patrice Clerc.<\/p>\n\n\n\n<p>Chez Mym\u00e9tic, cela commence par un <strong>usage r\u00e9fl\u00e9chi des outils <\/strong>: \u00ab On s\u2019est demand\u00e9 : \u201cDe quoi avons-nous vraiment besoin ?\u201d Cette r\u00e9flexion nous a permis d\u2019\u00e9liminer beaucoup de superflus.\u00bb Par exemple, l\u2019utilisation d\u2019un Cloud optimis\u00e9, limit\u00e9 en fonctionnalit\u00e9s inutiles, contribue \u00e0 r\u00e9duire l\u2019empreinte \u00e9nerg\u00e9tique. Ces bonnes pratiques leur ont valu la labellisation <strong>Num\u00e9rique Responsable niveau 2<\/strong> par l\u2019INR et l\u2019ADEME.<\/p>\n\n\n\n<h2 class=\"wp-block-heading\"><strong>Comment r\u00e9duire l\u2019impact environnemental du mat\u00e9riel ?<\/strong><\/h2>\n\n\n\n<p>La fabrication des appareils repr\u00e9sente 78 % de l\u2019impact environnemental du num\u00e9rique, selon l\u2019ADEME. Jean Patrice Clerc insiste sur l\u2019importance de l\u2019<strong>indice de r\u00e9parabilit\u00e9<\/strong> : \u00ab Pouvoir r\u00e9parer son t\u00e9l\u00e9phone ou son ordinateur est essentiel. \u00bb Il pr\u00e9conise aussi le <strong>reconditionnement <\/strong>et la <strong>location d\u2019\u00e9quipements, <\/strong>des pratiques qui se d\u00e9mocratisent.<\/p>\n\n\n\n<p>Il alerte \u00e9galement sur l\u2019<strong>obsolescence logicielle<\/strong> : \u00ab 30 % des utilisateur.ice.s changent de t\u00e9l\u00e9phone parce qu\u2019il est trop lent ou ne supporte plus les mises \u00e0 jour. C\u2019est aussi aux d\u00e9veloppeur.euse.s de cr\u00e9er des applications r\u00e9silientes, compatibles avec des appareils anciens et des r\u00e9seaux moins performants. \u00bb<\/p>\n\n\n\n<h2 class=\"wp-block-heading\"><strong>Quels sont les mythes et les v\u00e9rit\u00e9s sur l\u2019\u00e9coconception web ?&nbsp;<\/strong><\/h2>\n\n\n\n<p>\u00ab Il n\u2019existe pas d\u2019\u00e9co-couleur web, \u00bb pr\u00e9cise-t-il d\u2019embl\u00e9e, \u00ab et le mode sombre ne r\u00e9duit l\u2019\u00e9nergie que sur les \u00e9crans OLED, qui ne sont toujours pas la norme. \u00bb<\/p>\n\n\n\n<p>Pour r\u00e9duire l\u2019impact carbone d\u2019un site web, l\u2019essentiel r\u00e9side dans l\u2019<strong>optimisation des m\u00e9dias <\/strong>(images, vid\u00e9os) et des ressources JavaScript. Il recommande donc l\u2019utilisation de formats comme <strong>WebP <\/strong>ou d\u2019images tram\u00e9es et d\u2019<strong>animations en CSS<\/strong> plut\u00f4t que JavaScript.&nbsp;<\/p>\n\n\n\n<p>\u00ab En \u00e9co-conception, <strong>moins c\u2019est souvent mieux<\/strong>. D\u2019ailleurs, 46 % des fonctionnalit\u00e9s demand\u00e9es pour un site web ne sont jamais utilis\u00e9es. Il faut se poser les bonnes questions en amont : \u201cQu\u2019est-ce qui est vraiment utile ?\u201d \u00bb souligne Jean Patrice Clerc.<\/p>\n\n\n\n<h2 class=\"wp-block-heading\"><strong>Comment convaincre les clients de s\u2019engager ?<\/strong><\/h2>\n\n\n\n<p>\u00ab Nos client.e.s sont vari\u00e9s : certain.e.s ont d\u00e9j\u00e0 r\u00e9fl\u00e9chi \u00e0 leur impact environnemental, d\u2019autres non. Avec ces derniers, il faut \u00eatre p\u00e9dagogue et les accompagner. \u00bb<\/p>\n\n\n\n<p>Pour \u00e9valuer l\u2019impact num\u00e9rique d\u2019un site, l\u2019agence utilise <a href=\"https:\/\/www.ecoindex.fr\/\" data-type=\"link\" data-id=\"https:\/\/www.ecoindex.fr\/\">l\u2019<strong>EcoIndex de Green IT<\/strong> <\/a>: \u00ab Cela donne une note compr\u00e9hensible par tous et permet de visualiser clairement les am\u00e9liorations possibles. \u00bb<\/p>\n\n\n\n<p>Pour conserver leur image de marque, Mym\u00e9tic n\u2019h\u00e9site pas \u00e0 refuser des clients : \u00ab Si quelqu\u2019un nous dit que l\u2019\u00e9co-conception ne l\u2019int\u00e9resse pas, nous pr\u00e9f\u00e9rons ne pas travailler avec lui. \u00bb<\/p>\n\n\n\n<h2 class=\"wp-block-heading\"><strong>Un site \u00e9co-con\u00e7u co\u00fbte-t-il plus cher ?<\/strong><\/h2>\n\n\n\n<p>\u00ab Le <strong>co\u00fbt d\u2019\u00e9tude<\/strong> en amont est certes plus important, mais il permet souvent de limiter les fonctionnalit\u00e9s inutiles \u00bb, explique-t-il.&nbsp; \u00ab \u00c7a s\u2019\u00e9quilibre au bout d\u2019un moment. \u00bb<\/p>\n\n\n\n<p><\/p>\n\n\n\n<p><strong>Pour Jean Patrice Clerc, le num\u00e9rique responsable, c\u2019est surtout une question de bon sens et de r\u00e9flexion en amont. Chaque choix compte pour un avenir digital plus durable. Et vous, quelles pratiques pourriez-vous am\u00e9liorer d\u00e8s aujourd\u2019hui ?<\/strong> <\/p>\n\n\n\n<p>Retrouvez <a href=\"https:\/\/2025.latetedansleweb.org\/index.php\/nos-articles\/\" data-type=\"page\" data-id=\"42\">ici <\/a>tous nos articles sur l&rsquo;\u00e9coconception ! Et si vous voulez savoir en apprendre plus sur le sujet, retrouvez l&rsquo;article de Shaineze sur <a href=\"https:\/\/2025.latetedansleweb.org\/index.php\/2025\/01\/31\/pourquoi-se-preoccuper-de-lecoconception-aujourdhui\/\" data-type=\"link\" data-id=\"https:\/\/2025.latetedansleweb.org\/index.php\/2025\/01\/31\/pourquoi-se-preoccuper-de-lecoconception-aujourdhui\/\">\u00ab\u00a0<em>Pourquoi se pr\u00e9occuper de l&rsquo;\u00e9coconception aujourd&rsquo;hui ?<\/em>\u00ab\u00a0<\/a> <br><\/p>\n\n\n\n<p><\/p>\n","protected":false},"excerpt":{"rendered":"<p>5 questions \u00e0 Jean Patrice Clerc : Comprendre et agir pour un num\u00e9rique responsable Jean Patrice Clerc est r\u00e9cemment intervenu lors de la conf\u00e9rence \u201cR\u00e9inventer la com\u2019, vers un num\u00e9rique responsable\u201d, organis\u00e9e par le M2 GECI. Le directeur de Mym\u00e9tic, l\u2019agence de communication responsable, a partag\u00e9 son exp\u00e9rience et ses recommandations pour adopter des pratiques [&hellip;]<\/p>\n","protected":false},"author":22,"featured_media":2652,"comment_status":"open","ping_status":"open","sticky":false,"template":"","format":"standard","meta":{"_seopress_robots_primary_cat":"","_seopress_titles_title":"5 questions pour un num\u00e9rique plus responsable","_seopress_titles_desc":"Entretien avec Jean Patrice Clerc, directeur de Mym\u00e9tic, sur le num\u00e9rique responsable : ses recommandations pour des pratiques durables et l\u2019\u00e9co-conception web","_seopress_robots_index":"","inline_featured_image":false,"footnotes":""},"categories":[8],"tags":[],"class_list":["post-2639","post","type-post","status-publish","format-standard","has-post-thumbnail","hentry","category-articles-ecoconception"],"blocksy_meta":[],"_links":{"self":[{"href":"https:\/\/2025.latetedansleweb.org\/index.php\/wp-json\/wp\/v2\/posts\/2639","targetHints":{"allow":["GET"]}}],"collection":[{"href":"https:\/\/2025.latetedansleweb.org\/index.php\/wp-json\/wp\/v2\/posts"}],"about":[{"href":"https:\/\/2025.latetedansleweb.org\/index.php\/wp-json\/wp\/v2\/types\/post"}],"author":[{"embeddable":true,"href":"https:\/\/2025.latetedansleweb.org\/index.php\/wp-json\/wp\/v2\/users\/22"}],"replies":[{"embeddable":true,"href":"https:\/\/2025.latetedansleweb.org\/index.php\/wp-json\/wp\/v2\/comments?post=2639"}],"version-history":[{"count":6,"href":"https:\/\/2025.latetedansleweb.org\/index.php\/wp-json\/wp\/v2\/posts\/2639\/revisions"}],"predecessor-version":[{"id":3233,"href":"https:\/\/2025.latetedansleweb.org\/index.php\/wp-json\/wp\/v2\/posts\/2639\/revisions\/3233"}],"wp:featuredmedia":[{"embeddable":true,"href":"https:\/\/2025.latetedansleweb.org\/index.php\/wp-json\/wp\/v2\/media\/2652"}],"wp:attachment":[{"href":"https:\/\/2025.latetedansleweb.org\/index.php\/wp-json\/wp\/v2\/media?parent=2639"}],"wp:term":[{"taxonomy":"category","embeddable":true,"href":"https:\/\/2025.latetedansleweb.org\/index.php\/wp-json\/wp\/v2\/categories?post=2639"},{"taxonomy":"post_tag","embeddable":true,"href":"https:\/\/2025.latetedansleweb.org\/index.php\/wp-json\/wp\/v2\/tags?post=2639"}],"curies":[{"name":"wp","href":"https:\/\/api.w.org\/{rel}","templated":true}]}}