{"id":2634,"date":"2025-01-31T09:59:33","date_gmt":"2025-01-31T08:59:33","guid":{"rendered":"https:\/\/2025.latetedansleweb.org\/wordpress\/?p=2634"},"modified":"2025-01-31T10:20:52","modified_gmt":"2025-01-31T09:20:52","slug":"trois-metiers-trois-parcours-les-anciens-du-master-geci-temoignent","status":"publish","type":"post","link":"https:\/\/2025.latetedansleweb.org\/index.php\/2025\/01\/31\/trois-metiers-trois-parcours-les-anciens-du-master-geci-temoignent\/","title":{"rendered":"Trois m\u00e9tiers, trois parcours : les anciens du Master Geci t\u00e9moignent !\u00a0"},"content":{"rendered":"\n<h1 class=\"wp-block-heading\"><strong>Trois m\u00e9tiers, trois parcours : les anciens du Master Geci t\u00e9moignent !&nbsp;<\/strong><\/h1>\n\n\n\n<p>Le Master GECI de Lyon 2, c\u2019est LA formation pour se lancer dans la communication digitale et l\u2019\u00e9ditorial. Mais concr\u00e8tement, quelles sont les opportunit\u00e9s apr\u00e8s le dipl\u00f4me ? Pour vous aider \u00e0 y voir plus clair, voici trois m\u00e9tiers accessibles apr\u00e8s le dipl\u00f4me, illustr\u00e9s par les t\u00e9moignages de trois ancien\u00b7nes \u00e9tudiant\u00b7es du Master GECI.<\/p>\n\n\n\n<h2 class=\"wp-block-heading\"><strong>1. Manager et Consultant\u00b7e SEO<\/strong><\/h2>\n\n\n\n<p>Vous vous \u00eates d\u00e9j\u00e0 demand\u00e9 pourquoi certains sites apparaissent toujours en t\u00eate des recherches Google ? Le travail d\u2019un\u00b7e consultant\u00b7e SEO, c\u2019est justement de comprendre et d\u2019optimiser tout cela. Ce m\u00e9tier repose sur une ma\u00eetrise fine des outils d\u2019analyse, une compr\u00e9hension des algorithmes de recherche et une capacit\u00e9 \u00e0 s\u2019adapter aux besoins des client\u00b7es. <\/p>\n\n\n\n<p><strong>Larry Boudjadi, promo 2017 : un parcours marqu\u00e9 par la pers\u00e9v\u00e9rance<\/strong> <\/p>\n\n\n\n<div class=\"wp-block-media-text has-media-on-the-right is-stacked-on-mobile\" style=\"grid-template-columns:auto 32%\"><div class=\"wp-block-media-text__content\">\n<p>Larry est aujourd\u2019hui manager et consultant SEO chez Foxglove Partner, une agence sp\u00e9cialis\u00e9e situ\u00e9e \u00e0 Lyon. Il g\u00e8re une \u00e9quipe de cinq consultant\u00b7es et accompagne une dizaine de client\u00b7es dans l\u2019am\u00e9lioration de leur visibilit\u00e9 en ligne. Mais son parcours n\u2019a pas toujours \u00e9t\u00e9 simple<\/p>\n<\/div><figure class=\"wp-block-media-text__media\"><img loading=\"lazy\" decoding=\"async\" width=\"200\" height=\"200\" src=\"https:\/\/2025.latetedansleweb.org\/wp-content\/uploads\/2025\/01\/1563456812676-removebg-preview-3-1.png\" alt=\"\" class=\"wp-image-2684 size-full\" srcset=\"https:\/\/2025.latetedansleweb.org\/wp-content\/uploads\/2025\/01\/1563456812676-removebg-preview-3-1.png 200w, https:\/\/2025.latetedansleweb.org\/wp-content\/uploads\/2025\/01\/1563456812676-removebg-preview-3-1-150x150.png 150w\" sizes=\"auto, (max-width: 200px) 100vw, 200px\" \/><\/figure><\/div>\n\n\n\n<ul class=\"wp-block-social-links aligncenter is-layout-flex wp-block-social-links-is-layout-flex\"><li class=\"wp-social-link wp-social-link-linkedin  wp-block-social-link\"><a href=\"https:\/\/www.linkedin.com\/in\/larry-boudjadi-027867a4\/\" class=\"wp-block-social-link-anchor\"><svg width=\"24\" height=\"24\" viewBox=\"0 0 24 24\" version=\"1.1\" xmlns=\"http:\/\/www.w3.org\/2000\/svg\" aria-hidden=\"true\" focusable=\"false\"><path d=\"M19.7,3H4.3C3.582,3,3,3.582,3,4.3v15.4C3,20.418,3.582,21,4.3,21h15.4c0.718,0,1.3-0.582,1.3-1.3V4.3 C21,3.582,20.418,3,19.7,3z M8.339,18.338H5.667v-8.59h2.672V18.338z M7.004,8.574c-0.857,0-1.549-0.694-1.549-1.548 c0-0.855,0.691-1.548,1.549-1.548c0.854,0,1.547,0.694,1.547,1.548C8.551,7.881,7.858,8.574,7.004,8.574z M18.339,18.338h-2.669 v-4.177c0-0.996-0.017-2.278-1.387-2.278c-1.389,0-1.601,1.086-1.601,2.206v4.249h-2.667v-8.59h2.559v1.174h0.037 c0.356-0.675,1.227-1.387,2.526-1.387c2.703,0,3.203,1.779,3.203,4.092V18.338z\"><\/path><\/svg><span class=\"wp-block-social-link-label screen-reader-text\">Larry Boudjadi<\/span><\/a><\/li><\/ul>\n\n\n\n<p><em>\u201cLes d\u00e9buts ont \u00e9t\u00e9 compliqu\u00e9s. Apr\u00e8s six mois de recherches, j\u2019ai pris la premi\u00e8re opportunit\u00e9 qui s\u2019est pr\u00e9sent\u00e9e, puis j\u2019ai encha\u00een\u00e9 des postes en agence en tant que consultant webmarketing g\u00e9n\u00e9raliste. C\u2019est petit \u00e0 petit que j\u2019ai r\u00e9ussi \u00e0 me sp\u00e9cialiser dans le SEO, une passion que j\u2019avais d\u00e9couverte d\u00e8s le master GECI.\u201d<\/em><\/p>\n\n\n\n<p>Pour Larry, les comp\u00e9tences acquises pendant le master ont \u00e9t\u00e9 d\u00e9terminantes :<\/p>\n\n\n\n<p><em>\u201cLa gestion de projets est, selon moi, l\u2019atout le plus pr\u00e9cieux que m\u2019a offert ce master. La formation m\u2019a appris \u00e0 structurer mes id\u00e9es, \u00e0 travailler en \u00e9quipe et \u00e0 communiquer efficacement, que ce soit avec mes coll\u00e8gues ou mes client\u00b7es. Les bases techniques, comme le SEO ou le d\u00e9veloppement, me servent quotidiennement pour comprendre les besoins de mes interlocuteurs et mieux adapter mes solutions.\u201d<\/em><\/p>\n\n\n\n<p><strong>Son conseil aux \u00e9tudiant\u00b7es GECI ?<\/strong><\/p>\n\n\n\n<p>\u201cProfitez des projets pour explorer diff\u00e9rentes th\u00e9matiques et outils. Testez, exp\u00e9rimentez, et surtout, restez curieux\u00b7ses. N\u2019h\u00e9sitez pas non plus \u00e0 contacter les ancien\u00b7nes du master pour vous inspirer de leurs parcours. Le r\u00e9seau GECI est une vraie force.\u201d<\/p>\n\n\n\n<h2 class=\"wp-block-heading\"><strong>2. Responsable \u00e9ditorial\u00b7e en collectivit\u00e9<\/strong><\/h2>\n\n\n\n<p>Dans le secteur public, la communication joue un r\u00f4le central. Le ou la responsable \u00e9ditorial\u00b7e est en charge de coordonner les publications d\u2019une collectivit\u00e9 : magazines, sites web, r\u00e9seaux sociaux\u2026 Ce m\u00e9tier demande des comp\u00e9tences vari\u00e9es : gestion d\u2019\u00e9quipe, strat\u00e9gie \u00e9ditoriale, ma\u00eetrise des outils num\u00e9riques et capacit\u00e9 \u00e0 jongler entre des formats tr\u00e8s diff\u00e9rents. <\/p>\n\n\n\n<p><strong>Laurent Blanchon, promo 2014 : une reconversion r\u00e9ussie<\/strong><\/p>\n\n\n\n<div class=\"wp-block-media-text has-media-on-the-right is-stacked-on-mobile\" style=\"grid-template-columns:auto 32%\"><div class=\"wp-block-media-text__content\">\n<p>Apr\u00e8s 20 ans de journalisme, Laurent a choisi le Master GECI pour donner un nouvel \u00e9lan \u00e0 sa carri\u00e8re. Aujourd\u2019hui, il est responsable du p\u00f4le \u00e9ditorial \u00e0 Saint-\u00c9tienne M\u00e9tropole, o\u00f9 il supervise une \u00e9quipe de neuf personnes. <\/p>\n<\/div><figure class=\"wp-block-media-text__media\"><img loading=\"lazy\" decoding=\"async\" width=\"683\" height=\"1024\" src=\"https:\/\/2025.latetedansleweb.org\/wp-content\/uploads\/2025\/01\/DSC_6820-3-683x1024.jpg\" alt=\"\" class=\"wp-image-2670 size-full\" srcset=\"https:\/\/2025.latetedansleweb.org\/wp-content\/uploads\/2025\/01\/DSC_6820-3-683x1024.jpg 683w, https:\/\/2025.latetedansleweb.org\/wp-content\/uploads\/2025\/01\/DSC_6820-3-200x300.jpg 200w, https:\/\/2025.latetedansleweb.org\/wp-content\/uploads\/2025\/01\/DSC_6820-3-768x1152.jpg 768w, https:\/\/2025.latetedansleweb.org\/wp-content\/uploads\/2025\/01\/DSC_6820-3-1024x1536.jpg 1024w, https:\/\/2025.latetedansleweb.org\/wp-content\/uploads\/2025\/01\/DSC_6820-3-1365x2048.jpg 1365w, https:\/\/2025.latetedansleweb.org\/wp-content\/uploads\/2025\/01\/DSC_6820-3-scaled.jpg 1707w\" sizes=\"auto, (max-width: 683px) 100vw, 683px\" \/><\/figure><\/div>\n\n\n\n<ul class=\"wp-block-social-links aligncenter is-layout-flex wp-block-social-links-is-layout-flex\"><li class=\"wp-social-link wp-social-link-linkedin  wp-block-social-link\"><a href=\"https:\/\/www.linkedin.com\/in\/laurentblanchon\/\" class=\"wp-block-social-link-anchor\"><svg width=\"24\" height=\"24\" viewBox=\"0 0 24 24\" version=\"1.1\" xmlns=\"http:\/\/www.w3.org\/2000\/svg\" aria-hidden=\"true\" focusable=\"false\"><path d=\"M19.7,3H4.3C3.582,3,3,3.582,3,4.3v15.4C3,20.418,3.582,21,4.3,21h15.4c0.718,0,1.3-0.582,1.3-1.3V4.3 C21,3.582,20.418,3,19.7,3z M8.339,18.338H5.667v-8.59h2.672V18.338z M7.004,8.574c-0.857,0-1.549-0.694-1.549-1.548 c0-0.855,0.691-1.548,1.549-1.548c0.854,0,1.547,0.694,1.547,1.548C8.551,7.881,7.858,8.574,7.004,8.574z M18.339,18.338h-2.669 v-4.177c0-0.996-0.017-2.278-1.387-2.278c-1.389,0-1.601,1.086-1.601,2.206v4.249h-2.667v-8.59h2.559v1.174h0.037 c0.356-0.675,1.227-1.387,2.526-1.387c2.703,0,3.203,1.779,3.203,4.092V18.338z\"><\/path><\/svg><span class=\"wp-block-social-link-label screen-reader-text\">LinkedIn<\/span><\/a><\/li><\/ul>\n\n\n\n<p><em>\u201cLe master GECI a \u00e9t\u00e9 une v\u00e9ritable passerelle. Je venais du journalisme papier et je voulais me tourner vers la communication publique. Gr\u00e2ce \u00e0 la polyvalence de la formation, j\u2019ai pu \u00e9largir mes comp\u00e9tences, notamment en webmarketing, r\u00e9f\u00e9rencement, et d\u00e9veloppement. Ces connaissances ont \u00e9t\u00e9 essentielles pour mon poste actuel.\u201d<\/em><\/p>\n\n\n\n<p>Depuis son dipl\u00f4me, Laurent a \u00e9volu\u00e9 au sein de la m\u00e9tropole de Saint-Etienne :<\/p>\n\n\n\n<p><em>\u00ab En 2015, j&rsquo;ai d\u00e9but\u00e9 \u00e0 Saint-\u00c9tienne M\u00e9tropole sur une mission de communication interne autour de l&rsquo;\u00e9volution de l&rsquo;intercommunalit\u00e9 du statut de communaut\u00e9 d&rsquo;agglom\u00e9ration \u00e0 celui de M\u00e9tropole (pas tr\u00e8s glamour, mais tr\u00e8s formateur). Puis j&rsquo;ai encha\u00een\u00e9, six mois plus tard, toujours \u00e0 Saint-\u00c9tienne M\u00e9tropole, comme chef de projet communication sur l&rsquo;EURO 2016 de football. Apr\u00e8s cette deuxi\u00e8me mission, j&rsquo;ai obtenu le concours d&rsquo;attach\u00e9 territorial et donc \u00e9t\u00e9 titularis\u00e9. A partir de 2017, j&rsquo;ai travaill\u00e9 comme chef de projet en communication, avant de prendre la responsabilit\u00e9 du service \u00e9ditorial de notre direction en 2021. \u00bb<\/em><\/p>\n\n\n\n<p><strong>Son conseil aux \u00e9tudiant\u00b7es ?<\/strong><\/p>\n\n\n\n<p><em>\u201cInt\u00e9ressez-vous \u00e0 tout, m\u00eame \u00e0 ce qui ne semble pas directement li\u00e9 \u00e0 vos ambitions. La polyvalence est votre plus grande force. Et surtout, apprenez \u00e0 collaborer : une promo, c\u2019est une mine d\u2019or de talents diff\u00e9rents. Le collectif, c\u2019est ce qui fera la diff\u00e9rence.\u201d<\/em><\/p>\n\n\n\n<h2 class=\"wp-block-heading\"><strong>3. Charg\u00e9\u00b7e de communication 360\u00b0\/cheffe de projet : le\/la touche-\u00e0-tout de la com\u2019<\/strong><\/h2>\n\n\n\n<p>Cr\u00e9ation de contenu, community management, gestion d\u2019\u00e9v\u00e9nements, refonte de charte graphique\u2026 Un\u00b7e charg\u00e9\u00b7e de communication 360\u00b0 jongle avec tous les aspects de la communication. Ce m\u00e9tier demande de la cr\u00e9ativit\u00e9, une excellente organisation et une capacit\u00e9 d\u2019adaptation \u00e0 toute \u00e9preuve.<\/p>\n\n\n\n<p><strong>L\u00e9a Tonellato, promo 2022 : une communicante passionn\u00e9e<\/strong><\/p>\n\n\n\n<div class=\"wp-block-media-text has-media-on-the-right is-stacked-on-mobile\" style=\"grid-template-columns:auto 32%\"><div class=\"wp-block-media-text__content\">\n<p>L\u00e9a a d\u00e9marr\u00e9 sa carri\u00e8re chez XEFI, une entreprise sp\u00e9cialis\u00e9e dans le d\u00e9pannageinformatique. Embauch\u00e9e en CDI d\u00e8s la fin de son master, elle a \u00e9volu\u00e9 rapidement vers un poste de cheffe de projet communication.<\/p>\n<\/div><figure class=\"wp-block-media-text__media\"><img loading=\"lazy\" decoding=\"async\" width=\"400\" height=\"400\" src=\"https:\/\/2025.latetedansleweb.org\/wp-content\/uploads\/2025\/01\/1725988657084-removebg-preview-2.png\" alt=\"\" class=\"wp-image-2681 size-full\" srcset=\"https:\/\/2025.latetedansleweb.org\/wp-content\/uploads\/2025\/01\/1725988657084-removebg-preview-2.png 400w, https:\/\/2025.latetedansleweb.org\/wp-content\/uploads\/2025\/01\/1725988657084-removebg-preview-2-300x300.png 300w, https:\/\/2025.latetedansleweb.org\/wp-content\/uploads\/2025\/01\/1725988657084-removebg-preview-2-150x150.png 150w\" sizes=\"auto, (max-width: 400px) 100vw, 400px\" \/><\/figure><\/div>\n\n\n\n<ul class=\"wp-block-social-links aligncenter is-layout-flex wp-block-social-links-is-layout-flex\"><li class=\"wp-social-link wp-social-link-linkedin  wp-block-social-link\"><a href=\"https:\/\/www.linkedin.com\/in\/l\u00e9a-tonellato\/\" class=\"wp-block-social-link-anchor\"><svg width=\"24\" height=\"24\" viewBox=\"0 0 24 24\" version=\"1.1\" xmlns=\"http:\/\/www.w3.org\/2000\/svg\" aria-hidden=\"true\" focusable=\"false\"><path d=\"M19.7,3H4.3C3.582,3,3,3.582,3,4.3v15.4C3,20.418,3.582,21,4.3,21h15.4c0.718,0,1.3-0.582,1.3-1.3V4.3 C21,3.582,20.418,3,19.7,3z M8.339,18.338H5.667v-8.59h2.672V18.338z M7.004,8.574c-0.857,0-1.549-0.694-1.549-1.548 c0-0.855,0.691-1.548,1.549-1.548c0.854,0,1.547,0.694,1.547,1.548C8.551,7.881,7.858,8.574,7.004,8.574z M18.339,18.338h-2.669 v-4.177c0-0.996-0.017-2.278-1.387-2.278c-1.389,0-1.601,1.086-1.601,2.206v4.249h-2.667v-8.59h2.559v1.174h0.037 c0.356-0.675,1.227-1.387,2.526-1.387c2.703,0,3.203,1.779,3.203,4.092V18.338z\"><\/path><\/svg><span class=\"wp-block-social-link-label screen-reader-text\">LinkedIn<\/span><\/a><\/li><\/ul>\n\n\n\n<p><em>\u201cAu d\u00e9but, je me concentrais sur les r\u00e9seaux sociaux. Puis, j\u2019ai pris une casquette 360\u00b0 en g\u00e9rant tout : la cr\u00e9ation d\u2019affiches, les sites web, le r\u00e9f\u00e9rencement, et m\u00eame une radio interne ! Cette polyvalence, je la dois au GECI, qui m\u2019a donn\u00e9 les bases pour m\u2019adapter \u00e0 n\u2019importe quel outil ou projet.\u201d<\/em><\/p>\n\n\n\n<p>Aujourd\u2019hui, L\u00e9a s\u2019\u00e9panouit dans une mission freelance o\u00f9 elle accompagne une entreprise du BTP dans la modernisation de son identit\u00e9 visuelle.<\/p>\n\n\n\n<p><strong>Son conseil aux \u00e9tudiant\u00b7es ?<\/strong><\/p>\n\n\n\n<p><em>\u201cKiffez ce que vous faites. Prenez le temps d\u2019explorer, de tester, et ne vous fermez pas de portes. Et surtout, ne devenez pas accro \u00e0 Canva ! Il y a tellement d\u2019outils cr\u00e9atifs \u00e0 d\u00e9couvrir. Faites-vous plaisir et osez sortir des sentiers battus.\u201d<\/em><\/p>\n\n\n\n<h2 class=\"wp-block-heading\"><strong>Un master, des horizons multiples !<\/strong><\/h2>\n\n\n\n<p>Ce qui ressort de ces parcours, c\u2019est la richesse et la diversit\u00e9 des m\u00e9tiers accessibles apr\u00e8s le master GECI. Chacun\u00b7e trouve son propre chemin, en s\u2019appuyant sur les comp\u00e9tences acquises et en explorant ce qui les fait vibrer.<\/p>\n\n\n\n<p><strong>Alors, pr\u00eat\u00b7e \u00e0 \u00e9crire votre propre histoire ?<\/strong><\/p>\n\n\n\n<div class=\"wp-block-buttons is-content-justification-center is-layout-flex wp-container-core-buttons-is-layout-1 wp-block-buttons-is-layout-flex\">\n<div class=\"wp-block-button\"><a class=\"wp-block-button__link wp-element-button\" href=\"https:\/\/2025.latetedansleweb.org\/index.php\/les-debouches\/\">D\u00e9couvrez nos d\u00e9bouch\u00e9s<\/a><\/div>\n<\/div>\n\n\n\n<p><\/p>\n","protected":false},"excerpt":{"rendered":"<p>Trois m\u00e9tiers, trois parcours : les anciens du Master Geci t\u00e9moignent !&nbsp; Le Master GECI de Lyon 2, c\u2019est LA formation pour se lancer dans la communication digitale et l\u2019\u00e9ditorial. Mais concr\u00e8tement, quelles sont les opportunit\u00e9s apr\u00e8s le dipl\u00f4me ? Pour vous aider \u00e0 y voir plus clair, voici trois m\u00e9tiers accessibles apr\u00e8s le dipl\u00f4me, [&hellip;]<\/p>\n","protected":false},"author":9,"featured_media":2691,"comment_status":"open","ping_status":"open","sticky":false,"template":"","format":"standard","meta":{"_seopress_robots_primary_cat":"","_seopress_titles_title":"T\u00e9moignages d'anciens \u00e9l\u00e8ves GECI","_seopress_titles_desc":"D\u00e9couvrez trois m\u00e9tiers apr\u00e8s le Master GECI : Inspirez-vous de t\u00e9moignages concrets !","_seopress_robots_index":"","inline_featured_image":false,"footnotes":""},"categories":[14],"tags":[],"class_list":["post-2634","post","type-post","status-publish","format-standard","has-post-thumbnail","hentry","category-le-master"],"blocksy_meta":[],"_links":{"self":[{"href":"https:\/\/2025.latetedansleweb.org\/index.php\/wp-json\/wp\/v2\/posts\/2634","targetHints":{"allow":["GET"]}}],"collection":[{"href":"https:\/\/2025.latetedansleweb.org\/index.php\/wp-json\/wp\/v2\/posts"}],"about":[{"href":"https:\/\/2025.latetedansleweb.org\/index.php\/wp-json\/wp\/v2\/types\/post"}],"author":[{"embeddable":true,"href":"https:\/\/2025.latetedansleweb.org\/index.php\/wp-json\/wp\/v2\/users\/9"}],"replies":[{"embeddable":true,"href":"https:\/\/2025.latetedansleweb.org\/index.php\/wp-json\/wp\/v2\/comments?post=2634"}],"version-history":[{"count":19,"href":"https:\/\/2025.latetedansleweb.org\/index.php\/wp-json\/wp\/v2\/posts\/2634\/revisions"}],"predecessor-version":[{"id":3160,"href":"https:\/\/2025.latetedansleweb.org\/index.php\/wp-json\/wp\/v2\/posts\/2634\/revisions\/3160"}],"wp:featuredmedia":[{"embeddable":true,"href":"https:\/\/2025.latetedansleweb.org\/index.php\/wp-json\/wp\/v2\/media\/2691"}],"wp:attachment":[{"href":"https:\/\/2025.latetedansleweb.org\/index.php\/wp-json\/wp\/v2\/media?parent=2634"}],"wp:term":[{"taxonomy":"category","embeddable":true,"href":"https:\/\/2025.latetedansleweb.org\/index.php\/wp-json\/wp\/v2\/categories?post=2634"},{"taxonomy":"post_tag","embeddable":true,"href":"https:\/\/2025.latetedansleweb.org\/index.php\/wp-json\/wp\/v2\/tags?post=2634"}],"curies":[{"name":"wp","href":"https:\/\/api.w.org\/{rel}","templated":true}]}}