{"id":2631,"date":"2025-01-29T08:00:11","date_gmt":"2025-01-29T07:00:11","guid":{"rendered":"https:\/\/2025.latetedansleweb.org\/wordpress\/?p=2631"},"modified":"2025-01-31T10:51:41","modified_gmt":"2025-01-31T09:51:41","slug":"la-vie-dapres-podcast","status":"publish","type":"post","link":"https:\/\/2025.latetedansleweb.org\/index.php\/2025\/01\/29\/la-vie-dapres-podcast\/","title":{"rendered":"La vie d&rsquo;apr\u00e8s &#8211; Podcast"},"content":{"rendered":"\n<h1 class=\"wp-block-heading has-text-align-center\"><strong>La vie d&rsquo;apr\u00e8s &#8211; Podcast <\/strong><\/h1>\n\n\n\n<h2 class=\"wp-block-heading has-text-align-center\"><strong>Retour sur nos ann\u00e9es de master GECI: entre peurs et espoirs.<\/strong><\/h2>\n\n\n\n<figure class=\"wp-block-video\"><video controls src=\"http:\/\/2025.latetedansleweb.org\/wp-content\/uploads\/2025\/01\/Podcast-La-vie-dapres.mp4\"><\/video><\/figure>\n\n\n\n<h2 class=\"wp-block-heading\"><strong>Podcast M2 GECI&nbsp;<\/strong><\/h2>\n\n\n\n<p>Le podcast <strong>\u00ab La vie d\u2019apr\u00e8s \u00bb<\/strong> vous propose de suivre l\u2019\u00e9change entre trois \u00e9tudiants de la promo 2023\/2025 en master 2 GECI \u00e0 l\u2019universit\u00e9 Lyon 2. Ils y partagent leurs parcours, leurs questionnements, ainsi que leurs aspirations pour l\u2019avenir. Cet \u00e9pisode a pour objectif de transmettre nos exp\u00e9riences en tant qu\u2019\u00e9tudiants, afin d\u2019accompagner la future promotion du master GECI dans leur propre cheminement universitaire.<\/p>\n\n\n\n<p>Les inqui\u00e9tudes li\u00e9es \u00e0 l\u2019avenir, les pressions personnelles et familiales sont des r\u00e9alit\u00e9s partag\u00e9es par de nombreux \u00e9tudiants. \u00c0 travers ce podcast, nous souhaitons offrir notre regard sur  <strong>\u00ab la vie apr\u00e8s le master \u00bb<\/strong>. Nous y \u00e9voquerons les moments de doute mais aussi les r\u00e9ussites qui jalonnent le parcours \u00e9tudiant.<\/p>\n\n\n\n<p>En partageant nos exp\u00e9riences, nous esp\u00e9rons non seulement rassurer les futurs \u00e9tudiants, mais aussi leur offrir des pistes pour naviguer avec confiance dans cette p\u00e9riode charni\u00e8re. Ce podcast se veut une source d\u2019inspiration, d\u2019encouragement et d\u2019\u00e9changes autour des r\u00e9alit\u00e9s de la vie \u00e9tudiante et des perspectives apr\u00e8s le master.<\/p>\n\n\n\n<p>Bonne \u00e9coute!<\/p>\n\n\n\n<div class=\"wp-block-buttons is-content-justification-center is-layout-flex wp-container-core-buttons-is-layout-1 wp-block-buttons-is-layout-flex\">\n<div class=\"wp-block-button\"><a class=\"wp-block-button__link wp-element-button\" href=\"https:\/\/2025.latetedansleweb.org\/index.php\/2025\/01\/31\/trois-metiers-trois-parcours-les-anciens-du-master-geci-temoignent\/\">Pour poursuivre l&rsquo;exp\u00e9rience retrouvez trois t\u00e9moignages d&rsquo;anciens \u00e9l\u00e8ves du master GECI<\/a><\/div>\n<\/div>\n","protected":false},"excerpt":{"rendered":"<p>La vie d&rsquo;apr\u00e8s &#8211; Podcast Retour sur nos ann\u00e9es de master GECI: entre peurs et espoirs. Podcast M2 GECI&nbsp; Le podcast \u00ab La vie d\u2019apr\u00e8s \u00bb vous propose de suivre l\u2019\u00e9change entre trois \u00e9tudiants de la promo 2023\/2025 en master 2 GECI \u00e0 l\u2019universit\u00e9 Lyon 2. Ils y partagent leurs parcours, leurs questionnements, ainsi que [&hellip;]<\/p>\n","protected":false},"author":17,"featured_media":3045,"comment_status":"open","ping_status":"open","sticky":false,"template":"","format":"standard","meta":{"_seopress_robots_primary_cat":"","_seopress_titles_title":"Podcast \"La vie d'apr\u00e8s\" Master GECI Lyon ","_seopress_titles_desc":"Discussion entre 3 \u00e9l\u00e8ves du master GECI de la promo 2024-2025 dans le podcast \"La vie d'apr\u00e8s\"!","_seopress_robots_index":"","inline_featured_image":false,"footnotes":""},"categories":[14],"tags":[],"class_list":["post-2631","post","type-post","status-publish","format-standard","has-post-thumbnail","hentry","category-le-master"],"blocksy_meta":[],"_links":{"self":[{"href":"https:\/\/2025.latetedansleweb.org\/index.php\/wp-json\/wp\/v2\/posts\/2631","targetHints":{"allow":["GET"]}}],"collection":[{"href":"https:\/\/2025.latetedansleweb.org\/index.php\/wp-json\/wp\/v2\/posts"}],"about":[{"href":"https:\/\/2025.latetedansleweb.org\/index.php\/wp-json\/wp\/v2\/types\/post"}],"author":[{"embeddable":true,"href":"https:\/\/2025.latetedansleweb.org\/index.php\/wp-json\/wp\/v2\/users\/17"}],"replies":[{"embeddable":true,"href":"https:\/\/2025.latetedansleweb.org\/index.php\/wp-json\/wp\/v2\/comments?post=2631"}],"version-history":[{"count":9,"href":"https:\/\/2025.latetedansleweb.org\/index.php\/wp-json\/wp\/v2\/posts\/2631\/revisions"}],"predecessor-version":[{"id":3214,"href":"https:\/\/2025.latetedansleweb.org\/index.php\/wp-json\/wp\/v2\/posts\/2631\/revisions\/3214"}],"wp:featuredmedia":[{"embeddable":true,"href":"https:\/\/2025.latetedansleweb.org\/index.php\/wp-json\/wp\/v2\/media\/3045"}],"wp:attachment":[{"href":"https:\/\/2025.latetedansleweb.org\/index.php\/wp-json\/wp\/v2\/media?parent=2631"}],"wp:term":[{"taxonomy":"category","embeddable":true,"href":"https:\/\/2025.latetedansleweb.org\/index.php\/wp-json\/wp\/v2\/categories?post=2631"},{"taxonomy":"post_tag","embeddable":true,"href":"https:\/\/2025.latetedansleweb.org\/index.php\/wp-json\/wp\/v2\/tags?post=2631"}],"curies":[{"name":"wp","href":"https:\/\/api.w.org\/{rel}","templated":true}]}}