{"id":2583,"date":"2025-01-27T02:32:15","date_gmt":"2025-01-27T01:32:15","guid":{"rendered":"https:\/\/2025.latetedansleweb.org\/wordpress\/?p=2583"},"modified":"2025-01-28T19:23:11","modified_gmt":"2025-01-28T18:23:11","slug":"plongee-au-coeur-de-la-professionnalisation-avec-le-master-geci","status":"publish","type":"post","link":"https:\/\/2025.latetedansleweb.org\/index.php\/2025\/01\/27\/plongee-au-coeur-de-la-professionnalisation-avec-le-master-geci\/","title":{"rendered":"\u00a0Plong\u00e9e au c\u0153ur de la professionnalisation avec le Master GECI"},"content":{"rendered":"\n<h1 class=\"wp-block-heading\"><strong>\u00a0Plong\u00e9e au c\u0153ur de la professionnalisation avec le Master GECI<\/strong><\/h1>\n\n\n\n<p>&nbsp;Le Master GECI (Gestion \u00c9ditoriale et Communication Internet) de l\u2019Universit\u00e9 Lumi\u00e8re Lyon 2 offre bien plus qu\u2019une formation acad\u00e9mique : il ouvre les portes de l\u2019immersion professionnelle gr\u00e2ce \u00e0 un \u00e9quilibre parfait entre th\u00e9orie et pratique. \u00c0 travers des stages et des alternances, les \u00e9tudiants acqui\u00e8rent des comp\u00e9tences concr\u00e8tes et vari\u00e9es, adapt\u00e9es aux exigences du num\u00e9rique. D\u00e9couvrez comment ce cursus professionnalisant fa\u00e7onne des experts de la communication digitale, pr\u00eats \u00e0 relever les d\u00e9fis du march\u00e9.<br><\/p>\n\n\n\n<h2 class=\"wp-block-heading\">Stages et alternances : une immersion professionnelle avec le Master GECI<br><\/h2>\n\n\n\n<p>Le <strong>Master GECI<\/strong> (Gestion \u00c9ditoriale et Communication Internet), rattach\u00e9 \u00e0 l\u2019Institut ICOM de l\u2019Universit\u00e9 Lumi\u00e8re Lyon 2, se distingue par son approche professionnalisante. En combinant th\u00e9orie et pratique, il offre aux \u00e9tudiants la possibilit\u00e9 de d\u00e9velopper des comp\u00e9tences concr\u00e8tes en communication digitale, strat\u00e9gie \u00e9ditoriale ou encore gestion de contenus. Les p\u00e9riodes de stage et d\u2019alternance, essentielles dans ce cursus, permettent de consolider ces acquis en situation r\u00e9elle.<br><\/p>\n\n\n\n<h2 class=\"wp-block-heading\">Des stages au c\u0153ur de la formation<\/h2>\n\n\n\n<p>Les stages sont une composante cl\u00e9 du Master GECI. En M1, ils durent entre 2 et 3 mois et en M2, de 4 \u00e0 6 mois, garantissant une immersion prolong\u00e9e. Ces exp\u00e9riences permettent aux \u00e9tudiants de se confronter aux exigences du terrain : production de contenus optimis\u00e9s pour le <strong>SEO<\/strong>, \u00e9laboration de strat\u00e9gies digitales ou refonte de sites web.<\/p>\n\n\n\n<p>Un calendrier adapt\u00e9 permet de conjuguer ais\u00e9ment temps acad\u00e9mique et pr\u00e9sence en entreprise. Les examens sont planifi\u00e9s avant le d\u00e9but des stages, pour maximiser la disponibilit\u00e9 des \u00e9tudiants sur le terrain.<\/p>\n\n\n\n<h2 class=\"wp-block-heading\">Accompagnement et recherche de stage<\/h2>\n\n\n\n<p>Les \u00e9tudiants, accompagn\u00e9s par l\u2019\u00e9quipe p\u00e9dagogique, sont responsables de trouver leur <strong>stage<\/strong>. De nombreuses opportunit\u00e9s s\u2019offrent \u00e0 eux : agences web, grandes entreprises, associations ou start-ups. Des ateliers pratiques sur le CV, des forums professionnels et le r\u00e9seau des anciens du Master sont autant d\u2019outils mis \u00e0 leur disposition pour faciliter leurs d\u00e9marches.<\/p>\n\n\n\n<p>Une fois le stage valid\u00e9, un double tutorat universitaire et professionnel assure un suivi r\u00e9gulier, permettant d\u2019allier objectifs p\u00e9dagogiques et attentes du milieu professionnel.<\/p>\n\n\n\n<h2 class=\"wp-block-heading\">L\u2019alternance : un atout pour l\u2019insertion<br><\/h2>\n\n\n\n<p>L\u2019alternance, sous forme de contrat d\u2019apprentissage ou de professionnalisation, est de plus en plus pl\u00e9biscit\u00e9e. Les \u00e9tudiants alternent entre cours et missions en entreprise, selon un rythme d\u00e9fini par l\u2019universit\u00e9. Cette formule offre plusieurs avantages comme une r\u00e9mun\u00e9ration pour financer les frais de vie, une exp\u00e9rience prolong\u00e9e favorisant l\u2019int\u00e9gration rapide sur le march\u00e9 de l\u2019emploi et une mont\u00e9e en comp\u00e9tences dans des missions telles que l\u2019animation de r\u00e9seaux sociaux, l\u2019analyse UX ou la gestion de projets num\u00e9riques. Les alternants d\u00e9veloppent des qualit\u00e9s organisationnelles et une autonomie appr\u00e9ci\u00e9es par les recruteurs.<br><\/p>\n\n\n\n<h3 class=\"wp-block-heading\">Des missions vari\u00e9es et professionnalisantes<br><\/h3>\n\n\n\n<p>Qu\u2019il s\u2019agisse d\u2019un stage ou d\u2019une alternance, les missions confi\u00e9es refl\u00e8tent la diversit\u00e9 du secteur num\u00e9rique. Les \u00e9tudiants peuvent travailler sur :<\/p>\n\n\n\n<p>&#8211; La refonte de sites web (contenus, design, architecture) ;<\/p>\n\n\n\n<p>&#8211; La cr\u00e9ation de strat\u00e9gies \u00e9ditoriales et communicationnelles ;<\/p>\n\n\n\n<p>&#8211; La production multim\u00e9dia (vid\u00e9os, podcasts, visuels) ;<\/p>\n\n\n\n<p>&#8211; L\u2019analyse d\u2019audience et d\u2019UX pour am\u00e9liorer l\u2019exp\u00e9rience utilisateur.<\/p>\n\n\n\n<p>Ces exp\u00e9riences enrichissent leur portfolio et leur sp\u00e9cialisation dans des secteurs comme la culture, les m\u00e9dias ou le e-commerce.<\/p>\n\n\n\n<h2 class=\"wp-block-heading\">Des ressources pour r\u00e9ussir<\/h2>\n\n\n\n<p>Pour maximiser leur int\u00e9gration en entreprise, les \u00e9tudiants b\u00e9n\u00e9ficient de nombreux outils :<\/p>\n\n\n\n<p>&#8211; R\u00e9seau alumni : Les anciens partagent leurs conseils et recrutent parfois eux-m\u00eames ;<\/p>\n\n\n\n<p>&#8211; Forums et conf\u00e9rences : Des rencontres pour comprendre les attentes du march\u00e9 ;<\/p>\n\n\n\n<p>&#8211; Plateformes sp\u00e9cialis\u00e9es : Acc\u00e8s \u00e0 des offres de stage ou d\u2019alternance ;<\/p>\n\n\n\n<p>&#8211; Tutorat personnalis\u00e9 : Un suivi adapt\u00e9 pour valider les missions et orienter les \u00e9tudiants.<\/p>\n\n\n\n<h2 class=\"wp-block-heading\">Une valeur ajout\u00e9e sur le CV<\/h2>\n\n\n\n<p>Les exp\u00e9riences acquises durant ces p\u00e9riodes sont un v\u00e9ritable tremplin pour l\u2019emploi. Les recruteurs appr\u00e9cient la capacit\u00e9 des dipl\u00f4m\u00e9s \u00e0 relever des d\u00e9fis concrets et \u00e0 proposer des solutions innovantes. De nombreux stages ou contrats d\u2019alternance d\u00e9bouchent sur des offres d\u2019embauche, t\u00e9moignant de la qualit\u00e9 du dispositif du Master GECI.<br><\/p>\n\n\n\n<h2 class=\"wp-block-heading\">Conclusion<\/h2>\n\n\n\n<p>Le Master GECI allie rigueur acad\u00e9mique et immersion professionnelle. Les stages et alternances constituent des moments-cl\u00e9s du parcours, permettant aux \u00e9tudiants de gagner en expertise et en confiance. Cette compl\u00e9mentarit\u00e9 entre th\u00e9orie et pratique fait de cette formation un v\u00e9ritable levier pour s\u2019\u00e9panouir dans le secteur dynamique de la communication digitale.<br><\/p>\n\n\n\n<h2 class=\"wp-block-heading\"><\/h2>\n\n\n\n<p><\/p>\n\n\n\n<h3 class=\"wp-block-heading\"><\/h3>\n","protected":false},"excerpt":{"rendered":"<p>\u00a0Plong\u00e9e au c\u0153ur de la professionnalisation avec le Master GECI &nbsp;Le Master GECI (Gestion \u00c9ditoriale et Communication Internet) de l\u2019Universit\u00e9 Lumi\u00e8re Lyon 2 offre bien plus qu\u2019une formation acad\u00e9mique : il ouvre les portes de l\u2019immersion professionnelle gr\u00e2ce \u00e0 un \u00e9quilibre parfait entre th\u00e9orie et pratique. \u00c0 travers des stages et des alternances, les \u00e9tudiants [&hellip;]<\/p>\n","protected":false},"author":2,"featured_media":0,"comment_status":"open","ping_status":"open","sticky":false,"template":"","format":"standard","meta":{"_seopress_robots_primary_cat":"","_seopress_titles_title":"","_seopress_titles_desc":"","_seopress_robots_index":"","inline_featured_image":false,"footnotes":""},"categories":[1],"tags":[],"class_list":["post-2583","post","type-post","status-publish","format-standard","hentry","category-non-classe"],"blocksy_meta":[],"_links":{"self":[{"href":"https:\/\/2025.latetedansleweb.org\/index.php\/wp-json\/wp\/v2\/posts\/2583","targetHints":{"allow":["GET"]}}],"collection":[{"href":"https:\/\/2025.latetedansleweb.org\/index.php\/wp-json\/wp\/v2\/posts"}],"about":[{"href":"https:\/\/2025.latetedansleweb.org\/index.php\/wp-json\/wp\/v2\/types\/post"}],"author":[{"embeddable":true,"href":"https:\/\/2025.latetedansleweb.org\/index.php\/wp-json\/wp\/v2\/users\/2"}],"replies":[{"embeddable":true,"href":"https:\/\/2025.latetedansleweb.org\/index.php\/wp-json\/wp\/v2\/comments?post=2583"}],"version-history":[{"count":2,"href":"https:\/\/2025.latetedansleweb.org\/index.php\/wp-json\/wp\/v2\/posts\/2583\/revisions"}],"predecessor-version":[{"id":2626,"href":"https:\/\/2025.latetedansleweb.org\/index.php\/wp-json\/wp\/v2\/posts\/2583\/revisions\/2626"}],"wp:attachment":[{"href":"https:\/\/2025.latetedansleweb.org\/index.php\/wp-json\/wp\/v2\/media?parent=2583"}],"wp:term":[{"taxonomy":"category","embeddable":true,"href":"https:\/\/2025.latetedansleweb.org\/index.php\/wp-json\/wp\/v2\/categories?post=2583"},{"taxonomy":"post_tag","embeddable":true,"href":"https:\/\/2025.latetedansleweb.org\/index.php\/wp-json\/wp\/v2\/tags?post=2583"}],"curies":[{"name":"wp","href":"https:\/\/api.w.org\/{rel}","templated":true}]}}