{"id":2578,"date":"2025-01-27T01:47:56","date_gmt":"2025-01-27T00:47:56","guid":{"rendered":"https:\/\/2025.latetedansleweb.org\/wordpress\/?p=2578"},"modified":"2025-01-28T19:25:20","modified_gmt":"2025-01-28T18:25:20","slug":"les-competences-des-etudiants-en-master-geci","status":"publish","type":"post","link":"https:\/\/2025.latetedansleweb.org\/index.php\/2025\/01\/27\/les-competences-des-etudiants-en-master-geci\/","title":{"rendered":"Les comp\u00e9tences des \u00e9tudiants en Master GECI"},"content":{"rendered":"\n<h1 class=\"wp-block-heading\"><strong>Les comp\u00e9tences des \u00e9tudiants en Master GECI<\/strong><\/h1>\n\n\n\n<p>Le Master GECI (Gestion \u00c9ditoriale et Communication Internet) de l&rsquo;Universit\u00e9 Lumi\u00e8re Lyon 2 forme depuis pr\u00e8s de 20 ans des professionnel\u00b7le\u00b7s polyvalent\u00b7e\u00b7s en communication num\u00e9rique. Cette formation g\u00e9n\u00e9raliste, accessible, en formation initiale ou en alternance, pr\u00e9pare les \u00e9tudiant\u00b7e\u00b7s aux m\u00e9tiers du web, notamment en r\u00e9daction de contenus et en valorisation sur les canaux num\u00e9riques.<\/p>\n\n\n\n<h2 class=\"wp-block-heading\">Des comp\u00e9tences polyvalentes pour r\u00e9pondre aux besoins du march\u00e9<\/h2>\n\n\n\n<p>Les \u00e9tudiant\u00b7e\u00b7s form\u00e9\u00b7e\u00b7s au sein du Master GECI d\u00e9veloppent une expertise multifacette, ma\u00eetrisant \u00e0 la fois les dimensions strat\u00e9giques et techniques de la communication web. Les \u00e9tudiant\u00b7e\u00b7s sont form\u00e9\u00b7e\u00b7s \u00e0 produire, d\u00e9velopper et valoriser les contenus informationnels d\u2019un site web, tout en assurant la viabilit\u00e9 op\u00e9rationnelle des solutions techniques.<\/p>\n\n\n\n<p>Comp\u00e9tences cl\u00e9s:<\/p>\n\n\n\n<ul class=\"wp-block-list\">\n<li><strong>Conduite de projet web<\/strong> : Capacit\u00e9 \u00e0 g\u00e9rer des projets num\u00e9riques de A \u00e0 Z, en assurant leur coh\u00e9rence et leur efficacit\u00e9.<\/li>\n\n\n\n<li><strong>\u00c9criture en ligne<\/strong> : Ma\u00eetrise des techniques de r\u00e9daction adapt\u00e9es au web, optimis\u00e9es pour le r\u00e9f\u00e9rencement et l\u2019engagement des internautes.<\/li>\n\n\n\n<li><strong>R\u00e9f\u00e9rencement (SEO)<\/strong> : Aptitude \u00e0 optimiser la visibilit\u00e9 des contenus sur les moteurs de recherche, essentielle pour accro\u00eetre l\u2019audience.<\/li>\n\n\n\n<li><strong>Community management<\/strong> : Gestion et animation des communaut\u00e9s en ligne, avec une compr\u00e9hension approfondie des dynamiques des r\u00e9seaux sociaux.<\/li>\n\n\n\n<li><strong>Webdesign et d\u00e9veloppement<\/strong> : Comp\u00e9tences en conception visuelle et en d\u00e9veloppement web, garantissant des interfaces attractives et fonctionnelles.<\/li>\n<\/ul>\n\n\n\n<h2 class=\"wp-block-heading\">Une formation professionnalisante ax\u00e9e sur l\u2019insertion rapide<\/h2>\n\n\n\n<p>L\u2019objectif premier du Master GECI est l\u2019insertion rapide des dipl\u00f4m\u00e9\u00b7e\u00b7s dans le monde du travail. La majorit\u00e9 des enseignements est assur\u00e9e par des intervenant\u00b7e\u00b7s professionnel\u00b7le\u00b7s du domaine de la communication num\u00e9rique.<\/p>\n\n\n\n<p>Points forts de la formation :<\/p>\n\n\n\n<ul class=\"wp-block-list\">\n<li><strong>Stage ou alternance<\/strong> : Le second semestre est d\u00e9di\u00e9 \u00e0 une immersion en entreprise, permettant aux \u00e9tudiant\u00b7e\u00b7s de d\u00e9velopper une v\u00e9ritable expertise terrain.<\/li>\n\n\n\n<li><strong>Intervenant\u00b7e\u00b7s professionnel\u00b7le\u00b7s<\/strong> : Les cours sont majoritairement dispens\u00e9s par des expert\u00b7e\u00b7s du secteur, offrant une perspective concr\u00e8te et actuelle des enjeux du m\u00e9tier.<\/li>\n\n\n\n<li><strong>Projets tutor\u00e9s<\/strong> : Les \u00e9tudiant\u00b7e\u00b7s participent \u00e0 des projets collectifs, tels que la r\u00e9alisation d\u2019un webzine, mettant en pratique les comp\u00e9tences acquises.<\/li>\n<\/ul>\n\n\n\n<h2 class=\"wp-block-heading\">&nbsp;Des d\u00e9bouch\u00e9s vari\u00e9s dans le secteur du num\u00e9rique<\/h2>\n\n\n\n<p>Les dipl\u00f4m\u00e9\u00b7e\u00b7s du Master GECI peuvent exercer dans divers domaines li\u00e9s au web, gr\u00e2ce \u00e0 leur polyvalence et \u00e0 leur adaptabilit\u00e9. Retrouvez tous les m\u00e9tiers qu\u2019iels peuvent exercer, dans notre article d\u00e9di\u00e9.<\/p>\n\n\n\n<p>Pour en savoir plus sur le Master GECI, consultez d\u2019autres articles sur notre site ou le site officiel de l\u2019Universit\u00e9 Lumi\u00e8re Lyon 2.<\/p>\n\n\n\n<h2 class=\"wp-block-heading\"><\/h2>\n\n\n\n<p><\/p>\n\n\n\n<h3 class=\"wp-block-heading\"><\/h3>\n\n\n\n<p><\/p>\n","protected":false},"excerpt":{"rendered":"<p>Les comp\u00e9tences des \u00e9tudiants en Master GECI Le Master GECI (Gestion \u00c9ditoriale et Communication Internet) de l&rsquo;Universit\u00e9 Lumi\u00e8re Lyon 2 forme depuis pr\u00e8s de 20 ans des professionnel\u00b7le\u00b7s polyvalent\u00b7e\u00b7s en communication num\u00e9rique. Cette formation g\u00e9n\u00e9raliste, accessible, en formation initiale ou en alternance, pr\u00e9pare les \u00e9tudiant\u00b7e\u00b7s aux m\u00e9tiers du web, notamment en r\u00e9daction de contenus et [&hellip;]<\/p>\n","protected":false},"author":2,"featured_media":0,"comment_status":"open","ping_status":"open","sticky":false,"template":"","format":"standard","meta":{"_seopress_robots_primary_cat":"","_seopress_titles_title":"","_seopress_titles_desc":"","_seopress_robots_index":"","inline_featured_image":false,"footnotes":""},"categories":[1],"tags":[],"class_list":["post-2578","post","type-post","status-publish","format-standard","hentry","category-non-classe"],"blocksy_meta":[],"_links":{"self":[{"href":"https:\/\/2025.latetedansleweb.org\/index.php\/wp-json\/wp\/v2\/posts\/2578","targetHints":{"allow":["GET"]}}],"collection":[{"href":"https:\/\/2025.latetedansleweb.org\/index.php\/wp-json\/wp\/v2\/posts"}],"about":[{"href":"https:\/\/2025.latetedansleweb.org\/index.php\/wp-json\/wp\/v2\/types\/post"}],"author":[{"embeddable":true,"href":"https:\/\/2025.latetedansleweb.org\/index.php\/wp-json\/wp\/v2\/users\/2"}],"replies":[{"embeddable":true,"href":"https:\/\/2025.latetedansleweb.org\/index.php\/wp-json\/wp\/v2\/comments?post=2578"}],"version-history":[{"count":2,"href":"https:\/\/2025.latetedansleweb.org\/index.php\/wp-json\/wp\/v2\/posts\/2578\/revisions"}],"predecessor-version":[{"id":2628,"href":"https:\/\/2025.latetedansleweb.org\/index.php\/wp-json\/wp\/v2\/posts\/2578\/revisions\/2628"}],"wp:attachment":[{"href":"https:\/\/2025.latetedansleweb.org\/index.php\/wp-json\/wp\/v2\/media?parent=2578"}],"wp:term":[{"taxonomy":"category","embeddable":true,"href":"https:\/\/2025.latetedansleweb.org\/index.php\/wp-json\/wp\/v2\/categories?post=2578"},{"taxonomy":"post_tag","embeddable":true,"href":"https:\/\/2025.latetedansleweb.org\/index.php\/wp-json\/wp\/v2\/tags?post=2578"}],"curies":[{"name":"wp","href":"https:\/\/api.w.org\/{rel}","templated":true}]}}