{"id":2326,"date":"2025-04-16T10:00:00","date_gmt":"2025-04-16T08:00:00","guid":{"rendered":"https:\/\/2025.latetedansleweb.org\/wordpress\/?p=2326"},"modified":"2025-01-31T10:37:00","modified_gmt":"2025-01-31T09:37:00","slug":"comment-allier-accessibilite-et-esthetique-sur-lux-design","status":"publish","type":"post","link":"https:\/\/2025.latetedansleweb.org\/index.php\/2025\/04\/16\/comment-allier-accessibilite-et-esthetique-sur-lux-design\/","title":{"rendered":"Comment allier accessibilit\u00e9 et esth\u00e9tique sur l&rsquo;UX Design ?"},"content":{"rendered":"\n<h1 class=\"wp-block-heading\"><strong>Comment allier accessibilit\u00e9 et esth\u00e9tique sur l&rsquo;UX Design ?<\/strong><\/h1>\n\n\n\n<p>L\u2019accessibilit\u00e9 et l\u2019esth\u00e9tique sont souvent per\u00e7ues comme des concepts s\u00e9par\u00e9s dans la conception d\u2019interfaces utilisateur. Cependant, elles doivent \u00eatre consid\u00e9r\u00e9es ensemble, car une bonne exp\u00e9rience utilisateur (UX) repose sur un \u00e9quilibre subtil entre la facilit\u00e9 d\u2019utilisation et l\u2019attrait visuel. L\u2019accessibilit\u00e9 vise \u00e0 rendre les interfaces accessibles \u00e0 tous, ind\u00e9pendamment de leurs handicaps ou de leurs comp\u00e9tences, tandis que l\u2019esth\u00e9tique s&rsquo;efforce de cr\u00e9er une exp\u00e9rience plaisante et engageante.<\/p>\n\n\n\n<h2 class=\"wp-block-heading\"><strong>Pourquoi l\u2019accessibilit\u00e9 est-elle incontournable ?<\/strong><\/h2>\n\n\n\n<h3 class=\"wp-block-heading\"><strong>Un enjeu global et inclusif<\/strong><\/h3>\n\n\n\n<p>L\u2019accessibilit\u00e9 concerne environ 15 % de la population mondiale vivant avec un handicap, mais elle ne se limite pas \u00e0 ce groupe. Elle inclut \u00e9galement des besoins li\u00e9s \u00e0 l\u2019\u00e2ge, \u00e0 la fatigue, ou encore aux comp\u00e9tences num\u00e9riques, qui peuvent affecter toute personne, quel que soit son \u00e9tat de sant\u00e9. Aller dans cette direction ne se r\u00e9sume pas \u00e0 respecter des normes telles que le RGAA en France ou les WCAG \u00e0 l\u2019\u00e9chelle internationale. C\u2019est avant tout une d\u00e9marche humaine et inclusive, qui vise \u00e0 garantir un acc\u00e8s \u00e9gal pour tous, ind\u00e9pendamment des capacit\u00e9s ou des situations.<\/p>\n\n\n\n<figure class=\"wp-block-image aligncenter size-full is-resized\"><img loading=\"lazy\" decoding=\"async\" width=\"1024\" height=\"354\" src=\"https:\/\/2025.latetedansleweb.org\/wp-content\/uploads\/2025\/03\/handicap-1024x354-1.webp\" alt=\"\" class=\"wp-image-2403\" style=\"width:729px;height:auto\" srcset=\"https:\/\/2025.latetedansleweb.org\/wp-content\/uploads\/2025\/03\/handicap-1024x354-1.webp 1024w, https:\/\/2025.latetedansleweb.org\/wp-content\/uploads\/2025\/03\/handicap-1024x354-1-300x104.webp 300w, https:\/\/2025.latetedansleweb.org\/wp-content\/uploads\/2025\/03\/handicap-1024x354-1-768x266.webp 768w\" sizes=\"auto, (max-width: 1024px) 100vw, 1024px\" \/><\/figure>\n\n\n\n<h3 class=\"wp-block-heading\"><strong>Les b\u00e9n\u00e9fices pour votre projet et votre marque<\/strong><\/h3>\n\n\n\n<p>Rendre une interface accessible permet non seulement d\u2019atteindre un public plus large, mais aussi d\u2019am\u00e9liorer l\u2019image de marque, d\u2019assurer la conformit\u00e9 avec la l\u00e9gislation et de favoriser une meilleure visibilit\u00e9 en ligne. En effet, une bonne accessibilit\u00e9 peut \u00e9galement am\u00e9liorer le SEO, car les sites accessibles sont souvent mieux index\u00e9s par les moteurs de recherche. Une bonne accessibilit\u00e9 signifie offrir une exp\u00e9rience utilisateur fluide et inclusive, tout en garantissant que chacun puisse acc\u00e9der \u00e0 l\u2019information, quel que soit son profil ou ses besoins sp\u00e9cifiques :&nbsp;<\/p>\n\n\n\n<ul class=\"wp-block-list\">\n<li><strong>Des contrastes \u00e9lev\u00e9s<\/strong> pour le texte et l\u2019arri\u00e8re-plan.<\/li>\n\n\n\n<li><strong>Une navigation au clavier<\/strong> pour les utilisateurs \u00e0 mobilit\u00e9 r\u00e9duite.<\/li>\n\n\n\n<li><strong>Des descriptions textuelles<\/strong> aux images pour les lecteurs d\u2019\u00e9cran.<\/li>\n\n\n\n<li><strong>Des structures claires<\/strong> gr\u00e2ce \u00e0 des titres bien hi\u00e9rarchis\u00e9s.<\/li>\n<\/ul>\n\n\n\n<p><strong>Exemple<\/strong> : Gmail et Google Docs combinent des fonctionnalit\u00e9s inclusives (comme la navigation vocale) avec un design minimaliste et accessible \u00e0 tous.<\/p>\n\n\n\n<figure class=\"wp-block-image aligncenter size-medium is-resized\"><img loading=\"lazy\" decoding=\"async\" width=\"300\" height=\"200\" src=\"https:\/\/2025.latetedansleweb.org\/wp-content\/uploads\/2025\/03\/112335000_s-300x200.webp\" alt=\"\" class=\"wp-image-2405\" style=\"width:372px;height:auto\" srcset=\"https:\/\/2025.latetedansleweb.org\/wp-content\/uploads\/2025\/03\/112335000_s-300x200.webp 300w, https:\/\/2025.latetedansleweb.org\/wp-content\/uploads\/2025\/03\/112335000_s-768x512.webp 768w, https:\/\/2025.latetedansleweb.org\/wp-content\/uploads\/2025\/03\/112335000_s.webp 848w\" sizes=\"auto, (max-width: 300px) 100vw, 300px\" \/><\/figure>\n\n\n\n<h2 class=\"wp-block-heading\"><strong>Esth\u00e9tique et accessibilit\u00e9 : des alli\u00e9es, pas des ennemies<\/strong><\/h2>\n\n\n\n<h3 class=\"wp-block-heading\"><strong>Cr\u00e9er des designs attrayants et fonctionnels<\/strong><\/h3>\n\n\n\n<p>L\u2019accessibilit\u00e9 peut servir de levier pour renforcer la cr\u00e9ativit\u00e9. Voici quelques solutions pour allier esth\u00e9tique et inclusivit\u00e9 :<\/p>\n\n\n\n<ul class=\"wp-block-list\">\n<li>Optez pour des <strong>typographies lisibles et \u00e9l\u00e9gantes<\/strong> comme Arial ou Roboto.<\/li>\n\n\n\n<li>Associez des <strong>palettes de couleurs harmonieuses<\/strong> avec des contrastes suffisants.<\/li>\n\n\n\n<li>Pensez aux <strong>animations l\u00e9g\u00e8res<\/strong>, qui enrichissent l\u2019exp\u00e9rience sans nuire \u00e0 l\u2019accessibilit\u00e9.<\/li>\n<\/ul>\n\n\n\n<figure class=\"wp-block-image aligncenter size-medium is-resized\"><img loading=\"lazy\" decoding=\"async\" width=\"300\" height=\"169\" src=\"https:\/\/2025.latetedansleweb.org\/wp-content\/uploads\/2025\/03\/Design-sans-titre-2024-06-04T090739.679-1024x576-1-300x169.jpg\" alt=\"\" class=\"wp-image-2401\" style=\"width:396px;height:auto\" srcset=\"https:\/\/2025.latetedansleweb.org\/wp-content\/uploads\/2025\/03\/Design-sans-titre-2024-06-04T090739.679-1024x576-1-300x169.jpg 300w, https:\/\/2025.latetedansleweb.org\/wp-content\/uploads\/2025\/03\/Design-sans-titre-2024-06-04T090739.679-1024x576-1-768x432.jpg 768w, https:\/\/2025.latetedansleweb.org\/wp-content\/uploads\/2025\/03\/Design-sans-titre-2024-06-04T090739.679-1024x576-1.jpg 1024w\" sizes=\"auto, (max-width: 300px) 100vw, 300px\" \/><\/figure>\n\n\n\n<h3 class=\"wp-block-heading\"><strong>Tirer parti des tendances modernes<\/strong><\/h3>\n\n\n\n<p>Le <strong>mode sombre<\/strong>, par exemple, est \u00e0 la fois esth\u00e9tique et fonctionnel. Il am\u00e9liore la lisibilit\u00e9 dans des environnements sombres et r\u00e9duit la consommation \u00e9nerg\u00e9tique des \u00e9crans OLED.<\/p>\n\n\n\n<h2 class=\"wp-block-heading\"><strong>Comment int\u00e9grer l\u2019accessibilit\u00e9 d\u00e8s le d\u00e9but de vos projets ?<\/strong><\/h2>\n\n\n\n<h3 class=\"wp-block-heading\"><strong>Une approche centr\u00e9e sur l\u2019utilisateur<\/strong><\/h3>\n\n\n\n<p>D\u00e8s la conception, collaborez avec des <strong>utilisateurs aux besoins sp\u00e9cifiques<\/strong> pour mieux comprendre leurs attentes. Cette d\u00e9marche garantit que vos choix r\u00e9pondent aux exigences d\u2019une audience vari\u00e9e.<\/p>\n\n\n\n<h4 class=\"wp-block-heading\"><strong>Des outils et tests pour garantir l\u2019accessibilit\u00e9<\/strong><\/h4>\n\n\n\n<p>Testez vos maquettes avec des outils comme <strong>Axe<\/strong>, <strong>Wave<\/strong> ou <strong>Color Contrast Analyzer<\/strong>. Ces outils permettent de rep\u00e9rer les lacunes en mati\u00e8re d\u2019accessibilit\u00e9 d\u00e8s les premi\u00e8res phases de design.<\/p>\n\n\n\n<h4 class=\"wp-block-heading\"><strong>L\u2019am\u00e9lioration continue comme moteur<\/strong><\/h4>\n\n\n\n<p>Les retours des utilisateurs sont essentiels pour ajuster et am\u00e9liorer votre produit. Inspirez-vous des grandes entreprises comme Microsoft, qui forment des <strong>\u00ab champions de l\u2019accessibilit\u00e9 \u00bb<\/strong> dans leurs \u00e9quipes.<\/p>\n\n\n\n<h4 class=\"wp-block-heading\"><strong>Faites de l\u2019accessibilit\u00e9 un atout<\/strong><\/h4>\n\n\n\n<p>Cr\u00e9er des interfaces accessibles ne signifie pas sacrifier l\u2019esth\u00e9tique. Au contraire, cela permet de concevoir des exp\u00e9riences inclusives, engageantes et performantes, adapt\u00e9es \u00e0 tous les utilisateurs.<\/p>\n\n\n\n<figure class=\"wp-block-image aligncenter size-medium is-resized\"><img loading=\"lazy\" decoding=\"async\" width=\"300\" height=\"225\" src=\"https:\/\/2025.latetedansleweb.org\/wp-content\/uploads\/2025\/03\/Pourquoi-laccessibilite-est-importante-pour-mon-site-internet-300x225.png\" alt=\"\" class=\"wp-image-2406\" style=\"width:424px;height:auto\" srcset=\"https:\/\/2025.latetedansleweb.org\/wp-content\/uploads\/2025\/03\/Pourquoi-laccessibilite-est-importante-pour-mon-site-internet-300x225.png 300w, https:\/\/2025.latetedansleweb.org\/wp-content\/uploads\/2025\/03\/Pourquoi-laccessibilite-est-importante-pour-mon-site-internet-768x576.png 768w, https:\/\/2025.latetedansleweb.org\/wp-content\/uploads\/2025\/03\/Pourquoi-laccessibilite-est-importante-pour-mon-site-internet.png 1024w\" sizes=\"auto, (max-width: 300px) 100vw, 300px\" \/><\/figure>\n\n\n\n<div class=\"wp-block-buttons is-content-justification-center is-layout-flex wp-container-core-buttons-is-layout-1 wp-block-buttons-is-layout-flex\">\n<div class=\"wp-block-button\"><a class=\"wp-block-button__link wp-element-button\" href=\"https:\/\/2025.latetedansleweb.org\/?p=1581&amp;preview_id=1581&amp;preview_nonce=11eeb54d93&amp;preview=true&amp;_thumbnail_id=2643\">D\u00e9couvrez l&rsquo;article : Typographies, couleurs : quel impact pour un site web \u00e9coresponsable ? <\/a><\/div>\n<\/div>\n\n\n\n<p><\/p>\n","protected":false},"excerpt":{"rendered":"<p>Comment allier accessibilit\u00e9 et esth\u00e9tique sur l&rsquo;UX Design ? L\u2019accessibilit\u00e9 et l\u2019esth\u00e9tique sont souvent per\u00e7ues comme des concepts s\u00e9par\u00e9s dans la conception d\u2019interfaces utilisateur. Cependant, elles doivent \u00eatre consid\u00e9r\u00e9es ensemble, car une bonne exp\u00e9rience utilisateur (UX) repose sur un \u00e9quilibre subtil entre la facilit\u00e9 d\u2019utilisation et l\u2019attrait visuel. L\u2019accessibilit\u00e9 vise \u00e0 rendre les interfaces accessibles [&hellip;]<\/p>\n","protected":false},"author":18,"featured_media":2327,"comment_status":"closed","ping_status":"open","sticky":false,"template":"","format":"standard","meta":{"_seopress_robots_primary_cat":"","_seopress_titles_title":"Comment allier accessibilit\u00e9 et esth\u00e9tique sur l'UX Design ?","_seopress_titles_desc":"","_seopress_robots_index":"","inline_featured_image":false,"footnotes":""},"categories":[7],"tags":[],"class_list":["post-2326","post","type-post","status-publish","format-standard","has-post-thumbnail","hentry","category-articles-accessibilite"],"blocksy_meta":[],"_links":{"self":[{"href":"https:\/\/2025.latetedansleweb.org\/index.php\/wp-json\/wp\/v2\/posts\/2326","targetHints":{"allow":["GET"]}}],"collection":[{"href":"https:\/\/2025.latetedansleweb.org\/index.php\/wp-json\/wp\/v2\/posts"}],"about":[{"href":"https:\/\/2025.latetedansleweb.org\/index.php\/wp-json\/wp\/v2\/types\/post"}],"author":[{"embeddable":true,"href":"https:\/\/2025.latetedansleweb.org\/index.php\/wp-json\/wp\/v2\/users\/18"}],"replies":[{"embeddable":true,"href":"https:\/\/2025.latetedansleweb.org\/index.php\/wp-json\/wp\/v2\/comments?post=2326"}],"version-history":[{"count":8,"href":"https:\/\/2025.latetedansleweb.org\/index.php\/wp-json\/wp\/v2\/posts\/2326\/revisions"}],"predecessor-version":[{"id":3184,"href":"https:\/\/2025.latetedansleweb.org\/index.php\/wp-json\/wp\/v2\/posts\/2326\/revisions\/3184"}],"wp:featuredmedia":[{"embeddable":true,"href":"https:\/\/2025.latetedansleweb.org\/index.php\/wp-json\/wp\/v2\/media\/2327"}],"wp:attachment":[{"href":"https:\/\/2025.latetedansleweb.org\/index.php\/wp-json\/wp\/v2\/media?parent=2326"}],"wp:term":[{"taxonomy":"category","embeddable":true,"href":"https:\/\/2025.latetedansleweb.org\/index.php\/wp-json\/wp\/v2\/categories?post=2326"},{"taxonomy":"post_tag","embeddable":true,"href":"https:\/\/2025.latetedansleweb.org\/index.php\/wp-json\/wp\/v2\/tags?post=2326"}],"curies":[{"name":"wp","href":"https:\/\/api.w.org\/{rel}","templated":true}]}}