{"id":178,"date":"2024-12-30T16:00:41","date_gmt":"2024-12-30T15:00:41","guid":{"rendered":"https:\/\/2025.latetedansleweb.org\/wordpress\/?p=178"},"modified":"2025-01-30T18:21:04","modified_gmt":"2025-01-30T17:21:04","slug":"evenement-3","status":"publish","type":"post","link":"https:\/\/2025.latetedansleweb.org\/index.php\/2024\/12\/30\/evenement-3\/","title":{"rendered":"Conf\u00e9rence M1 2024 : Influenceurs lifestyle \u00e0 Lyon"},"content":{"rendered":"\n<p>Durant cette 1\u00e8re ann\u00e9e, nous avons eu l\u2019opportunit\u00e9 d\u2019organiser une conf\u00e9rence sur l\u2019influence web. Notre conf\u00e9rence se nommait <em>\u00ab Influenceur lifestyle \u00e0 Lyon : une dynamique, une ville, un m\u00e9tier \u00bb<\/em>. Cette conf\u00e9rence nous a ouvert les yeux sur les m\u00e9tiers de l\u2019influence. Pendant de longues ann\u00e9es, l\u2019influence n\u2019\u00e9tait pas prise au s\u00e9rieux et \u00e9tait consid\u00e9r\u00e9e comme un hobby. Aujourd\u2019hui, il est un m\u00e9tier \u00e0 part enti\u00e8re. Mais, qu\u2019est-ce qu\u2019\u00eatre influenceur(se) de nos jours ? Cette conf\u00e9rence a permis d\u2019interroger leur quotidien et de mieux comprendre les relations professionnelles que sont entretiennent avec les autres acteurs(rices) (marques, agence de communication, annonceurs, charg\u00e9s de communication, organisations culturelles\u2026).<\/p>\n\n\n\n<hr class=\"wp-block-separator has-alpha-channel-opacity event_sep\" style=\"margin-top:var(--wp--preset--spacing--60);margin-bottom:var(--wp--preset--spacing--60)\"\/>\n\n\n\n<hr class=\"wp-block-separator has-alpha-channel-opacity event_sep\" style=\"margin-top:var(--wp--preset--spacing--60);margin-bottom:var(--wp--preset--spacing--60)\"\/>\n\n\n\n<p>\u200e\u200e <\/p>\n\n\n\n<p>\u200e\u200e\u200e\u200e\u200e\u200e \u200e\u200e \u200e\u200e <\/p>\n\n\n\n<p><\/p>\n","protected":false},"excerpt":{"rendered":"<p>Durant cette 1\u00e8re ann\u00e9e, nous avons eu l\u2019opportunit\u00e9 d\u2019organiser une conf\u00e9rence sur l\u2019influence web. Notre conf\u00e9rence se nommait \u00ab Influenceur lifestyle \u00e0 Lyon : une dynamique, une ville, un m\u00e9tier \u00bb. Cette conf\u00e9rence nous a ouvert les yeux sur les m\u00e9tiers de l\u2019influence. Pendant de longues ann\u00e9es, l\u2019influence n\u2019\u00e9tait pas prise au s\u00e9rieux et \u00e9tait [&hellip;]<\/p>\n","protected":false},"author":2,"featured_media":1197,"comment_status":"open","ping_status":"open","sticky":false,"template":"","format":"standard","meta":{"_seopress_robots_primary_cat":"","_seopress_titles_title":"","_seopress_titles_desc":"","_seopress_robots_index":"","inline_featured_image":false,"footnotes":""},"categories":[4],"tags":[],"class_list":["post-178","post","type-post","status-publish","format-standard","has-post-thumbnail","hentry","category-evenements"],"blocksy_meta":[],"_links":{"self":[{"href":"https:\/\/2025.latetedansleweb.org\/index.php\/wp-json\/wp\/v2\/posts\/178","targetHints":{"allow":["GET"]}}],"collection":[{"href":"https:\/\/2025.latetedansleweb.org\/index.php\/wp-json\/wp\/v2\/posts"}],"about":[{"href":"https:\/\/2025.latetedansleweb.org\/index.php\/wp-json\/wp\/v2\/types\/post"}],"author":[{"embeddable":true,"href":"https:\/\/2025.latetedansleweb.org\/index.php\/wp-json\/wp\/v2\/users\/2"}],"replies":[{"embeddable":true,"href":"https:\/\/2025.latetedansleweb.org\/index.php\/wp-json\/wp\/v2\/comments?post=178"}],"version-history":[{"count":9,"href":"https:\/\/2025.latetedansleweb.org\/index.php\/wp-json\/wp\/v2\/posts\/178\/revisions"}],"predecessor-version":[{"id":3107,"href":"https:\/\/2025.latetedansleweb.org\/index.php\/wp-json\/wp\/v2\/posts\/178\/revisions\/3107"}],"wp:featuredmedia":[{"embeddable":true,"href":"https:\/\/2025.latetedansleweb.org\/index.php\/wp-json\/wp\/v2\/media\/1197"}],"wp:attachment":[{"href":"https:\/\/2025.latetedansleweb.org\/index.php\/wp-json\/wp\/v2\/media?parent=178"}],"wp:term":[{"taxonomy":"category","embeddable":true,"href":"https:\/\/2025.latetedansleweb.org\/index.php\/wp-json\/wp\/v2\/categories?post=178"},{"taxonomy":"post_tag","embeddable":true,"href":"https:\/\/2025.latetedansleweb.org\/index.php\/wp-json\/wp\/v2\/tags?post=178"}],"curies":[{"name":"wp","href":"https:\/\/api.w.org\/{rel}","templated":true}]}}