{"id":176,"date":"2024-12-30T15:59:52","date_gmt":"2024-12-30T14:59:52","guid":{"rendered":"https:\/\/2025.latetedansleweb.org\/wordpress\/?p=176"},"modified":"2025-01-30T18:21:47","modified_gmt":"2025-01-30T17:21:47","slug":"evenement-2","status":"publish","type":"post","link":"https:\/\/2025.latetedansleweb.org\/index.php\/2024\/12\/30\/evenement-2\/","title":{"rendered":"Paris Web 2024"},"content":{"rendered":"\n<p>Les 26 et 27 septembre derniers, nous avons assist\u00e9 \u00e0 <strong>Paris Web 2024<\/strong>, une conf\u00e9rence d\u00e9di\u00e9e \u00e0 l\u2019accessibilit\u00e9 num\u00e9rique et \u00e0 l\u2019\u00e9coconception. Le th\u00e8me de cette ann\u00e9e, <em>Le web invisible<\/em>, a permis d\u2019explorer plusieurs probl\u00e9matiques fondamentales :<\/p>\n\n\n\n<p><strong>\u200e\u200e\u200e\u200e\u200e\u200e Accessibilit\u00e9 universelle<\/strong> : penser un web inclusif, prenant en compte les handicaps cognitifs, les questions de genre via le langage inclusif, et les divers niveaux de comp\u00e9tences num\u00e9riques.<\/p>\n\n\n\n<p><strong>\u00c9coconception num\u00e9rique<\/strong> : apprendre \u00e0 adopter des pratiques responsables en <strong>communication web<\/strong>.<\/p>\n\n\n\n<p><strong>Visibilit\u00e9 et transparence<\/strong> : s\u2019interroger sur les r\u00e9alit\u00e9s et les non-dits du web.<\/p>\n\n\n\n<p>Cet \u00e9v\u00e9nement nous a permis de d\u00e9couvrir des outils concrets et des r\u00e9flexions pertinentes pour construire un num\u00e9rique plus accessible et responsable.<\/p>\n\n\n\n<hr class=\"wp-block-separator has-alpha-channel-opacity event_sep\" style=\"margin-top:var(--wp--preset--spacing--60);margin-bottom:var(--wp--preset--spacing--60)\"\/>\n\n\n\n<hr class=\"wp-block-separator has-alpha-channel-opacity event_sep\" style=\"margin-top:var(--wp--preset--spacing--60);margin-bottom:var(--wp--preset--spacing--60)\"\/>\n","protected":false},"excerpt":{"rendered":"<p>Les 26 et 27 septembre derniers, nous avons assist\u00e9 \u00e0 Paris Web 2024, une conf\u00e9rence d\u00e9di\u00e9e \u00e0 l\u2019accessibilit\u00e9 num\u00e9rique et \u00e0 l\u2019\u00e9coconception. Le th\u00e8me de cette ann\u00e9e, Le web invisible, a permis d\u2019explorer plusieurs probl\u00e9matiques fondamentales : \u200e\u200e\u200e\u200e\u200e\u200e Accessibilit\u00e9 universelle : penser un web inclusif, prenant en compte les handicaps cognitifs, les questions de genre [&hellip;]<\/p>\n","protected":false},"author":2,"featured_media":1194,"comment_status":"open","ping_status":"open","sticky":false,"template":"","format":"standard","meta":{"_seopress_robots_primary_cat":"","_seopress_titles_title":"","_seopress_titles_desc":"","_seopress_robots_index":"","inline_featured_image":false,"footnotes":""},"categories":[4],"tags":[],"class_list":["post-176","post","type-post","status-publish","format-standard","has-post-thumbnail","hentry","category-evenements"],"blocksy_meta":[],"_links":{"self":[{"href":"https:\/\/2025.latetedansleweb.org\/index.php\/wp-json\/wp\/v2\/posts\/176","targetHints":{"allow":["GET"]}}],"collection":[{"href":"https:\/\/2025.latetedansleweb.org\/index.php\/wp-json\/wp\/v2\/posts"}],"about":[{"href":"https:\/\/2025.latetedansleweb.org\/index.php\/wp-json\/wp\/v2\/types\/post"}],"author":[{"embeddable":true,"href":"https:\/\/2025.latetedansleweb.org\/index.php\/wp-json\/wp\/v2\/users\/2"}],"replies":[{"embeddable":true,"href":"https:\/\/2025.latetedansleweb.org\/index.php\/wp-json\/wp\/v2\/comments?post=176"}],"version-history":[{"count":10,"href":"https:\/\/2025.latetedansleweb.org\/index.php\/wp-json\/wp\/v2\/posts\/176\/revisions"}],"predecessor-version":[{"id":3109,"href":"https:\/\/2025.latetedansleweb.org\/index.php\/wp-json\/wp\/v2\/posts\/176\/revisions\/3109"}],"wp:featuredmedia":[{"embeddable":true,"href":"https:\/\/2025.latetedansleweb.org\/index.php\/wp-json\/wp\/v2\/media\/1194"}],"wp:attachment":[{"href":"https:\/\/2025.latetedansleweb.org\/index.php\/wp-json\/wp\/v2\/media?parent=176"}],"wp:term":[{"taxonomy":"category","embeddable":true,"href":"https:\/\/2025.latetedansleweb.org\/index.php\/wp-json\/wp\/v2\/categories?post=176"},{"taxonomy":"post_tag","embeddable":true,"href":"https:\/\/2025.latetedansleweb.org\/index.php\/wp-json\/wp\/v2\/tags?post=176"}],"curies":[{"name":"wp","href":"https:\/\/api.w.org\/{rel}","templated":true}]}}