{"id":171,"date":"2024-12-30T15:56:03","date_gmt":"2024-12-30T14:56:03","guid":{"rendered":"https:\/\/2025.latetedansleweb.org\/wordpress\/?p=171"},"modified":"2025-01-30T18:22:31","modified_gmt":"2025-01-30T17:22:31","slug":"test-evenements","status":"publish","type":"post","link":"https:\/\/2025.latetedansleweb.org\/index.php\/2024\/12\/30\/test-evenements\/","title":{"rendered":"R\u00e9inventer la com\u2019 : vers un num\u00e9rique plus responsable"},"content":{"rendered":"\n<p>Chaque \u00e9tudiant s\u2019est auto form\u00e9 et continue d\u2019apprendre sur ces enjeux gr\u00e2ce \u00e0 la dynamique du master GEDurant notre derni\u00e8re ann\u00e9e de M2, nous avons eu l\u2019opportunit\u00e9 d\u2019organiser une table ronde sur l\u2019\u00e9coconception web. Ce projet, \u00e9tal\u00e9 sur tout un semestre, nous a permis de nous r\u00e9partir diff\u00e9rents r\u00f4les (communication, logistique, intervenants, valorisation), simulant ainsi le fonctionnement d\u2019une v\u00e9ritable agence de communication.<\/p>\n\n\n\n<p>Trois intervenants ont partag\u00e9 leur expertise lors de cet \u00e9v\u00e9nement :<\/p>\n\n\n\n<p><strong>Liliane Roumens<\/strong>, membre du conseil de direction de l\u2019association <em>The Greener Good<\/em>.<\/p>\n\n\n\n<p><strong>Camille Lafitte<\/strong>, collaborateur chez <em>Webelys<\/em> et membre de l\u2019association <em>PLOSS Auvergne Rh\u00f4ne-Alpes<\/em>.<\/p>\n\n\n\n<p><strong>Jean-Patrice Clerc<\/strong>, cofondateur et directeur artistique de l\u2019agence de communication responsable <em>Mym\u00e9tic<\/em> \u00e0 \u3164\u3164\u3164\u3164Lyon.<\/p>\n\n\n\n<p>Ils ont \u00e9voqu\u00e9 des sujets vari\u00e9s, tels que les pratiques d\u2019\u00e9coconception dans le<strong> design<\/strong>, la gestion des donn\u00e9es ou encore les ajustements strat\u00e9giques n\u00e9cessaires pour une <strong>communication num\u00e9rique durable<\/strong>. Enfin, ils ont partag\u00e9 des conseils pratiques, mettant en avant les b\u00e9n\u00e9fices financiers, \u00e9thiques et humains d\u2019un <strong>site web \u00e9coresponsable<\/strong>.<\/p>\n","protected":false},"excerpt":{"rendered":"<p>Chaque \u00e9tudiant s\u2019est auto form\u00e9 et continue d\u2019apprendre sur ces enjeux gr\u00e2ce \u00e0 la dynamique du master GEDurant notre derni\u00e8re ann\u00e9e de M2, nous avons eu l\u2019opportunit\u00e9 d\u2019organiser une table ronde sur l\u2019\u00e9coconception web. Ce projet, \u00e9tal\u00e9 sur tout un semestre, nous a permis de nous r\u00e9partir diff\u00e9rents r\u00f4les (communication, logistique, intervenants, valorisation), simulant ainsi [&hellip;]<\/p>\n","protected":false},"author":2,"featured_media":1192,"comment_status":"open","ping_status":"open","sticky":false,"template":"","format":"standard","meta":{"_seopress_robots_primary_cat":"","_seopress_titles_title":"","_seopress_titles_desc":"","_seopress_robots_index":"","inline_featured_image":false,"footnotes":""},"categories":[4],"tags":[],"class_list":["post-171","post","type-post","status-publish","format-standard","has-post-thumbnail","hentry","category-evenements"],"blocksy_meta":[],"_links":{"self":[{"href":"https:\/\/2025.latetedansleweb.org\/index.php\/wp-json\/wp\/v2\/posts\/171","targetHints":{"allow":["GET"]}}],"collection":[{"href":"https:\/\/2025.latetedansleweb.org\/index.php\/wp-json\/wp\/v2\/posts"}],"about":[{"href":"https:\/\/2025.latetedansleweb.org\/index.php\/wp-json\/wp\/v2\/types\/post"}],"author":[{"embeddable":true,"href":"https:\/\/2025.latetedansleweb.org\/index.php\/wp-json\/wp\/v2\/users\/2"}],"replies":[{"embeddable":true,"href":"https:\/\/2025.latetedansleweb.org\/index.php\/wp-json\/wp\/v2\/comments?post=171"}],"version-history":[{"count":18,"href":"https:\/\/2025.latetedansleweb.org\/index.php\/wp-json\/wp\/v2\/posts\/171\/revisions"}],"predecessor-version":[{"id":3110,"href":"https:\/\/2025.latetedansleweb.org\/index.php\/wp-json\/wp\/v2\/posts\/171\/revisions\/3110"}],"wp:featuredmedia":[{"embeddable":true,"href":"https:\/\/2025.latetedansleweb.org\/index.php\/wp-json\/wp\/v2\/media\/1192"}],"wp:attachment":[{"href":"https:\/\/2025.latetedansleweb.org\/index.php\/wp-json\/wp\/v2\/media?parent=171"}],"wp:term":[{"taxonomy":"category","embeddable":true,"href":"https:\/\/2025.latetedansleweb.org\/index.php\/wp-json\/wp\/v2\/categories?post=171"},{"taxonomy":"post_tag","embeddable":true,"href":"https:\/\/2025.latetedansleweb.org\/index.php\/wp-json\/wp\/v2\/tags?post=171"}],"curies":[{"name":"wp","href":"https:\/\/api.w.org\/{rel}","templated":true}]}}