{"id":1581,"date":"2025-04-02T11:17:41","date_gmt":"2025-04-02T09:17:41","guid":{"rendered":"https:\/\/2025.latetedansleweb.org\/wordpress\/?p=1581"},"modified":"2025-01-31T10:42:57","modified_gmt":"2025-01-31T09:42:57","slug":"typographies-couleurs-quel-impact-pour-un-site-web-ecoresponsable","status":"publish","type":"post","link":"https:\/\/2025.latetedansleweb.org\/index.php\/2025\/04\/02\/typographies-couleurs-quel-impact-pour-un-site-web-ecoresponsable\/","title":{"rendered":"Typographies, couleurs : quel impact pour un site web \u00e9coresponsable ?"},"content":{"rendered":"\n<h1 class=\"wp-block-heading\"><strong>Typographies, couleurs : quel impact pour un site web \u00e9coresponsable ?<\/strong><\/h1>\n\n\n\n<p>Dans la conception d\u2019un site web responsable, certains aspects esth\u00e9tiques, tels que les typographies et les couleurs, peuvent poser question. D\u00e9couvrez quels r\u00f4les jouent ces choix dans vos projets web \u00e9coresponsables, le Master GECI vous \u00e9claire !<\/p>\n\n\n\n<h2 class=\"wp-block-heading\"><strong>Les bonnes pratiques pour cr\u00e9er une charte graphique \u00e9co-responsable<\/strong><\/h2>\n\n\n\n<h3 class=\"wp-block-heading\">&nbsp;<strong>Des \u00e9co-couleurs ?<\/strong><\/h3>\n\n\n\n<p>Certaines bonnes pratiques peuvent enrichir nos d\u00e9marches d\u2019\u00e9co-conception, notamment lors de l\u2019\u00e9laboration des chartes graphiques. Pour le choix des couleurs, nous pouvons vous conseiller de privil\u00e9gier les teintes sombres, plus proches du noir, qui consomment moins d\u2019\u00e9nergie lors de l\u2019affichage \u00e0 l\u2019\u00e9cran. En effet, plus une couleur se rapproche du blanc, plus elle va demander de l\u2019\u00e9nergie pour \u00eatre affich\u00e9e. Il faut donc essayer de l\u2019\u00e9viter.&nbsp;<\/p>\n\n\n\n<p>Pour aller plus loin et lier \u00e9co-conception et accessibilit\u00e9, optez pour des contrastes marqu\u00e9s afin d\u2019assurer une bonne lisibilit\u00e9 pour tous. De nombreux outils gratuits et simples existent pour tester le contraste entre les couleurs. Pensez-y !<\/p>\n\n\n\n<h3 class=\"wp-block-heading\"><strong>Des \u00e9co-typographies ?<\/strong><\/h3>\n\n\n\n<p>Quant aux typographies, deux crit\u00e8res sont essentiels pour un num\u00e9rique durable : la taille et l\u2019\u00e9paisseur des caract\u00e8res. Une police fine et petite consomme moins d\u2019\u00e9nergie \u00e0 l\u2019affichage. Certaines polices, con\u00e7ues sp\u00e9cifiquement pour l\u2019\u00e9coresponsabilit\u00e9, constituent d\u2019excellents choix, mais d\u2019autres options, bien que non cr\u00e9\u00e9es dans une d\u00e9marche d\u2019\u00e9co-conception, peuvent aussi convenir. La police Times New Roman en est un tr\u00e8s bon exemple.<\/p>\n\n\n\n<h2 class=\"wp-block-heading\"><strong>L\u2019impact r\u00e9el des typographies et couleurs<\/strong><\/h2>\n\n\n\n<h3 class=\"wp-block-heading\"><strong>&nbsp;L\u2019avis des experts en num\u00e9rique durable<\/strong><\/h3>\n\n\n\n<p>Lors de notre conf\u00e9rence intitul\u00e9e \u00ab R\u00e9inventer la com&rsquo; : vers un num\u00e9rique plus responsable \u00bb, nous avons pu demander \u00e0 nos trois experts en communication durable leur avis sur l\u2019importance du choix des typographies et des couleurs. Dans la r\u00e9alit\u00e9 de l\u2019\u00e9co-conception, ces choix n\u2019ont finalement que tr\u00e8s peu d\u2019impact. Malgr\u00e9 tout, se poser la question est d\u00e9j\u00e0 un bon point. Puisque selon eux, la cl\u00e9 d\u2019un num\u00e9rique responsable, c&rsquo;est tout d\u2019abord d\u2019y penser et de questionner nos pratiques !<\/p>\n\n\n\n<h3 class=\"wp-block-heading\">&nbsp;<strong>Le choix des couleurs et typographies dans la communication print<\/strong><\/h3>\n\n\n\n<p>Pour apporter plus de nuances, le choix de couleurs et de typographies dites \u00e9coresponsables a plus de sens quand le contenu est destin\u00e9 \u00e0 \u00eatre imprim\u00e9. Par ailleurs, les crit\u00e8res de s\u00e9lection peuvent diff\u00e9rer quelque peu par rapport \u00e0 du contenu destin\u00e9 \u00e0 \u00eatre purement num\u00e9rique. C\u2019est une information \u00e0 garder en m\u00e9moire !<\/p>\n\n\n\n<h2 class=\"wp-block-heading\"><strong>Conclusion<\/strong><\/h2>\n\n\n\n<p>En conclusion, le choix des typographies et des couleurs n\u2019est clairement pas un \u00e9l\u00e9ment central dans l\u2019\u00e9coresponsabilit\u00e9 d\u2019un site web. Par contre, elles restent importantes dans la communication, surtout si elle est vou\u00e9e \u00e0 \u00eatre imprim\u00e9e. Pour plus d\u2019informations, lisez nos conseils pour concevoir un site \u00e9coresponsable.<br><\/p>\n\n\n\n<div class=\"wp-block-buttons is-content-justification-center is-layout-flex wp-container-core-buttons-is-layout-1 wp-block-buttons-is-layout-flex\">\n<div class=\"wp-block-button\"><a class=\"wp-block-button__link has-text-align-center wp-element-button\" href=\"https:\/\/2025.latetedansleweb.org\/index.php\/2025\/03\/05\/les-bonnes-pratiques-en-eco-conception-web\/\">Notre article sur l&rsquo;\u00e9coresponsabilit\u00e9<\/a><\/div>\n<\/div>\n","protected":false},"excerpt":{"rendered":"<p>Typographies, couleurs : quel impact pour un site web \u00e9coresponsable ? Dans la conception d\u2019un site web responsable, certains aspects esth\u00e9tiques, tels que les typographies et les couleurs, peuvent poser question. D\u00e9couvrez quels r\u00f4les jouent ces choix dans vos projets web \u00e9coresponsables, le Master GECI vous \u00e9claire ! Les bonnes pratiques pour cr\u00e9er une charte [&hellip;]<\/p>\n","protected":false},"author":24,"featured_media":2643,"comment_status":"open","ping_status":"open","sticky":false,"template":"","format":"standard","meta":{"_seopress_robots_primary_cat":"","_seopress_titles_title":"Typographies, couleurs : quel impact pour un site web \u00e9coresponsable ?","_seopress_titles_desc":"D\u00e9couvrez quels r\u00f4les jouent les aspects esth\u00e9tiques, la typographie et les couleurs dans vos projets web \u00e9coresponsables, le Master GECI vous \u00e9claire !","_seopress_robots_index":"","inline_featured_image":false,"footnotes":""},"categories":[7],"tags":[],"class_list":["post-1581","post","type-post","status-publish","format-standard","has-post-thumbnail","hentry","category-articles-accessibilite"],"blocksy_meta":[],"_links":{"self":[{"href":"https:\/\/2025.latetedansleweb.org\/index.php\/wp-json\/wp\/v2\/posts\/1581","targetHints":{"allow":["GET"]}}],"collection":[{"href":"https:\/\/2025.latetedansleweb.org\/index.php\/wp-json\/wp\/v2\/posts"}],"about":[{"href":"https:\/\/2025.latetedansleweb.org\/index.php\/wp-json\/wp\/v2\/types\/post"}],"author":[{"embeddable":true,"href":"https:\/\/2025.latetedansleweb.org\/index.php\/wp-json\/wp\/v2\/users\/24"}],"replies":[{"embeddable":true,"href":"https:\/\/2025.latetedansleweb.org\/index.php\/wp-json\/wp\/v2\/comments?post=1581"}],"version-history":[{"count":6,"href":"https:\/\/2025.latetedansleweb.org\/index.php\/wp-json\/wp\/v2\/posts\/1581\/revisions"}],"predecessor-version":[{"id":3196,"href":"https:\/\/2025.latetedansleweb.org\/index.php\/wp-json\/wp\/v2\/posts\/1581\/revisions\/3196"}],"wp:featuredmedia":[{"embeddable":true,"href":"https:\/\/2025.latetedansleweb.org\/index.php\/wp-json\/wp\/v2\/media\/2643"}],"wp:attachment":[{"href":"https:\/\/2025.latetedansleweb.org\/index.php\/wp-json\/wp\/v2\/media?parent=1581"}],"wp:term":[{"taxonomy":"category","embeddable":true,"href":"https:\/\/2025.latetedansleweb.org\/index.php\/wp-json\/wp\/v2\/categories?post=1581"},{"taxonomy":"post_tag","embeddable":true,"href":"https:\/\/2025.latetedansleweb.org\/index.php\/wp-json\/wp\/v2\/tags?post=1581"}],"curies":[{"name":"wp","href":"https:\/\/api.w.org\/{rel}","templated":true}]}}